{"id":25869,"date":"2024-02-01T12:52:16","date_gmt":"2024-02-01T11:52:16","guid":{"rendered":"https:\/\/vazcollections.si\/vaz-v-medijih-osmi-dan\/"},"modified":"2025-02-24T10:55:43","modified_gmt":"2025-02-24T09:55:43","slug":"vaz-v-medijih-osmi-dan","status":"publish","type":"post","link":"https:\/\/vazcollections.si\/en\/vaz-v-medijih-osmi-dan\/","title":{"rendered":"VAZ v medijih | Dragocenosti Sku\u0161kove zbirke <br>(Osmi dan)<\/br>"},"content":{"rendered":"<p>Vabimo vas k ogledu televizijskega prispevka <strong><a href=\"https:\/\/www.rtvslo.si\/rtv365\/arhiv\/175014266?s=tv\" target=\"_blank\" rel=\"noopener\">Dragocenosti Sku\u0161kove zbirke<\/a><\/strong>, ki je bil na sporedu 8. januarja 2024 v sklopu oddaje <em>Osmi dan<\/em>. Tokratna oddaja predstavi <a href=\"https:\/\/vazcollections.si\/zbirke\/skuskova-zbirka-sem\/\" target=\"_blank\" rel=\"noopener\">Sku\u0161kovo zbirko<\/a>, ki jo hrani Slovenski etnografski muzej. Prispevek govori o zgodovini Sku\u0161kove zbirke ter kako je s\u010dasoma postala ena izmed zbirk, ki jih hrani Slovenski etnografski muzej.\u00a0Pri prispevku so sodelovali tudi \u010dlani projektne skupine VAZ Nata\u0161a Vampelj Suhadolnik (FF UL), Helena Motoh (ZRS Koper) in Ralf \u010ceplak Mencin (SEM). V sklopu oddaje Osmi dan so predstavili dinami\u010dno zgodovinsko ozadje na Kitajskem v \u010dasu, ko je Ivan Sku\u0161ek bival v Pekingu, poseben poudarek pa je na Sku\u0161ku kot enem prvih zbirateljev, ki so prepoznali potencial kitajskih pohi\u0161tvenih kosov kot zbirateljskih predmetov. Prispevek vklju\u010duje tudi napovednik razstave Sku\u0161kove zbirke, katere otvoritev je na\u010drtovana v maju 2024. Postavitev razstave sovpada z obele\u017eitvijo 60-letnice ustanovitve Muzeja neevropskih kultur v Gori\u010danah, pri organizaciji pa sodelujejo Slovenski etnografski muzej, ZRS Koper, Oddelek za azijske \u0161tudije FF UL ter In\u0161titut za arhitekturo in medije Tehni\u0161ke Univerze v Gradcu.<\/p>\n","protected":false},"excerpt":{"rendered":"<p>Vabimo vas k ogledu televizijskega prispevka Dragocenosti Sku\u0161kove zbirke, ki je bil na sporedu 8. januarja 2024 v sklopu oddaje Osmi dan. Tokratna oddaja predstavi Sku\u0161kovo zbirko, ki jo hrani Slovenski etnografski muzej. Prispevek govori o zgodovini Sku\u0161kove zbirke ter kako je s\u010dasoma postala ena izmed zbirk, ki jih hrani Slovenski etnografski muzej.\u00a0Pri prispevku so &#8230; <\/p>\n","protected":false},"author":10,"featured_media":25473,"comment_status":"closed","ping_status":"closed","sticky":false,"template":"","format":"standard","meta":{"_acf_changed":false,"inline_featured_image":false,"footnotes":""},"categories":[340,515],"class_list":["post-25869","post","type-post","status-publish","format-standard","has-post-thumbnail","hentry","category-news","category-vaz-in-media"],"acf":[],"yoast_head":"<!-- This site is optimized with the Yoast SEO plugin v27.4 - https:\/\/yoast.com\/product\/yoast-seo-wordpress\/ -->\n<title>VAZ v medijih | Dragocenosti Sku\u0161kove zbirke (Osmi dan) - Vzhodnoazijske zbirke v Sloveniji<\/title>\n<meta name=\"robots\" content=\"index, follow, max-snippet:-1, max-image-preview:large, max-video-preview:-1\" \/>\n<link rel=\"canonical\" href=\"https:\/\/vazcollections.si\/en\/vaz-v-medijih-osmi-dan\/\" \/>\n<meta property=\"og:locale\" content=\"en_US\" \/>\n<meta property=\"og:type\" content=\"article\" \/>\n<meta property=\"og:title\" content=\"VAZ v medijih | Dragocenosti Sku\u0161kove zbirke (Osmi dan) - Vzhodnoazijske zbirke v Sloveniji\" \/>\n<meta property=\"og:description\" content=\"Vabimo vas k ogledu televizijskega prispevka Dragocenosti Sku\u0161kove zbirke, ki je bil na sporedu 8. januarja 2024 v sklopu oddaje Osmi dan. Tokratna oddaja predstavi Sku\u0161kovo zbirko, ki jo hrani Slovenski etnografski muzej. Prispevek govori o zgodovini Sku\u0161kove zbirke ter kako je s\u010dasoma postala ena izmed zbirk, ki jih hrani Slovenski etnografski muzej.\u00a0Pri prispevku so ...\" \/>\n<meta property=\"og:url\" content=\"https:\/\/vazcollections.si\/en\/vaz-v-medijih-osmi-dan\/\" \/>\n<meta property=\"og:site_name\" content=\"Vzhodnoazijske zbirke v Sloveniji\" \/>\n<meta property=\"article:published_time\" content=\"2024-02-01T11:52:16+00:00\" \/>\n<meta property=\"article:modified_time\" content=\"2025-02-24T09:55:43+00:00\" \/>\n<meta property=\"og:image\" content=\"https:\/\/vazcollections.si\/wp-content\/uploads\/2024\/02\/VAZ-v-medijih_Osmi-dan_naslovna.jpg\" \/>\n\t<meta property=\"og:image:width\" content=\"1024\" \/>\n\t<meta property=\"og:image:height\" content=\"874\" \/>\n\t<meta property=\"og:image:type\" content=\"image\/jpeg\" \/>\n<meta name=\"author\" content=\"Tina-Vaz\" \/>\n<meta name=\"twitter:card\" content=\"summary_large_image\" \/>\n<meta name=\"twitter:label1\" content=\"Written by\" \/>\n\t<meta name=\"twitter:data1\" content=\"Tina-Vaz\" \/>\n\t<meta name=\"twitter:label2\" content=\"Est. reading time\" \/>\n\t<meta name=\"twitter:data2\" content=\"2 minutes\" \/>\n<script type=\"application\/ld+json\" class=\"yoast-schema-graph\">{\"@context\":\"https:\\\/\\\/schema.org\",\"@graph\":[{\"@type\":\"Article\",\"@id\":\"https:\\\/\\\/vazcollections.si\\\/en\\\/vaz-v-medijih-osmi-dan\\\/#article\",\"isPartOf\":{\"@id\":\"https:\\\/\\\/vazcollections.si\\\/en\\\/vaz-v-medijih-osmi-dan\\\/\"},\"author\":{\"name\":\"Tina-Vaz\",\"@id\":\"https:\\\/\\\/vazcollections.si\\\/en\\\/#\\\/schema\\\/person\\\/cb48cf2ec983d8e4ec949706f92735c6\"},\"headline\":\"VAZ v medijih | Dragocenosti Sku\u0161kove zbirke (Osmi dan)\",\"datePublished\":\"2024-02-01T11:52:16+00:00\",\"dateModified\":\"2025-02-24T09:55:43+00:00\",\"mainEntityOfPage\":{\"@id\":\"https:\\\/\\\/vazcollections.si\\\/en\\\/vaz-v-medijih-osmi-dan\\\/\"},\"wordCount\":190,\"image\":{\"@id\":\"https:\\\/\\\/vazcollections.si\\\/en\\\/vaz-v-medijih-osmi-dan\\\/#primaryimage\"},\"thumbnailUrl\":\"https:\\\/\\\/vazcollections.si\\\/wp-content\\\/uploads\\\/2024\\\/02\\\/VAZ-v-medijih_Osmi-dan_naslovna.jpg\",\"articleSection\":[\"News\",\"VAZ in media\"],\"inLanguage\":\"en-US\"},{\"@type\":\"WebPage\",\"@id\":\"https:\\\/\\\/vazcollections.si\\\/en\\\/vaz-v-medijih-osmi-dan\\\/\",\"url\":\"https:\\\/\\\/vazcollections.si\\\/en\\\/vaz-v-medijih-osmi-dan\\\/\",\"name\":\"VAZ v medijih | Dragocenosti Sku\u0161kove zbirke (Osmi dan) - Vzhodnoazijske zbirke v Sloveniji\",\"isPartOf\":{\"@id\":\"https:\\\/\\\/vazcollections.si\\\/en\\\/#website\"},\"primaryImageOfPage\":{\"@id\":\"https:\\\/\\\/vazcollections.si\\\/en\\\/vaz-v-medijih-osmi-dan\\\/#primaryimage\"},\"image\":{\"@id\":\"https:\\\/\\\/vazcollections.si\\\/en\\\/vaz-v-medijih-osmi-dan\\\/#primaryimage\"},\"thumbnailUrl\":\"https:\\\/\\\/vazcollections.si\\\/wp-content\\\/uploads\\\/2024\\\/02\\\/VAZ-v-medijih_Osmi-dan_naslovna.jpg\",\"datePublished\":\"2024-02-01T11:52:16+00:00\",\"dateModified\":\"2025-02-24T09:55:43+00:00\",\"author\":{\"@id\":\"https:\\\/\\\/vazcollections.si\\\/en\\\/#\\\/schema\\\/person\\\/cb48cf2ec983d8e4ec949706f92735c6\"},\"breadcrumb\":{\"@id\":\"https:\\\/\\\/vazcollections.si\\\/en\\\/vaz-v-medijih-osmi-dan\\\/#breadcrumb\"},\"inLanguage\":\"en-US\",\"potentialAction\":[{\"@type\":\"ReadAction\",\"target\":[\"https:\\\/\\\/vazcollections.si\\\/en\\\/vaz-v-medijih-osmi-dan\\\/\"]}]},{\"@type\":\"ImageObject\",\"inLanguage\":\"en-US\",\"@id\":\"https:\\\/\\\/vazcollections.si\\\/en\\\/vaz-v-medijih-osmi-dan\\\/#primaryimage\",\"url\":\"https:\\\/\\\/vazcollections.si\\\/wp-content\\\/uploads\\\/2024\\\/02\\\/VAZ-v-medijih_Osmi-dan_naslovna.jpg\",\"contentUrl\":\"https:\\\/\\\/vazcollections.si\\\/wp-content\\\/uploads\\\/2024\\\/02\\\/VAZ-v-medijih_Osmi-dan_naslovna.jpg\",\"width\":1024,\"height\":874,\"caption\":\"OLYMPUS DIGITAL CAMERA\"},{\"@type\":\"BreadcrumbList\",\"@id\":\"https:\\\/\\\/vazcollections.si\\\/en\\\/vaz-v-medijih-osmi-dan\\\/#breadcrumb\",\"itemListElement\":[{\"@type\":\"ListItem\",\"position\":1,\"name\":\"Home\",\"item\":\"https:\\\/\\\/vazcollections.si\\\/en\\\/\"},{\"@type\":\"ListItem\",\"position\":2,\"name\":\"VAZ v medijih | Dragocenosti Sku\u0161kove zbirke (Osmi dan)\"}]},{\"@type\":\"WebSite\",\"@id\":\"https:\\\/\\\/vazcollections.si\\\/en\\\/#website\",\"url\":\"https:\\\/\\\/vazcollections.si\\\/en\\\/\",\"name\":\"Vzhodnoazijske zbirke v Sloveniji\",\"description\":\"vpetost slovenskega prostora v globalno izmenjavo predmetov in idej z Vzhodno Azijo\",\"potentialAction\":[{\"@type\":\"SearchAction\",\"target\":{\"@type\":\"EntryPoint\",\"urlTemplate\":\"https:\\\/\\\/vazcollections.si\\\/en\\\/?s={search_term_string}\"},\"query-input\":{\"@type\":\"PropertyValueSpecification\",\"valueRequired\":true,\"valueName\":\"search_term_string\"}}],\"inLanguage\":\"en-US\"},{\"@type\":\"Person\",\"@id\":\"https:\\\/\\\/vazcollections.si\\\/en\\\/#\\\/schema\\\/person\\\/cb48cf2ec983d8e4ec949706f92735c6\",\"name\":\"Tina-Vaz\",\"image\":{\"@type\":\"ImageObject\",\"inLanguage\":\"en-US\",\"@id\":\"https:\\\/\\\/secure.gravatar.com\\\/avatar\\\/d830bf42a7e44bfa48bf556bbf84d757f02f731670a6d2bc3d529ab9a5d865fd?s=96&d=mm&r=g\",\"url\":\"https:\\\/\\\/secure.gravatar.com\\\/avatar\\\/d830bf42a7e44bfa48bf556bbf84d757f02f731670a6d2bc3d529ab9a5d865fd?s=96&d=mm&r=g\",\"contentUrl\":\"https:\\\/\\\/secure.gravatar.com\\\/avatar\\\/d830bf42a7e44bfa48bf556bbf84d757f02f731670a6d2bc3d529ab9a5d865fd?s=96&d=mm&r=g\",\"caption\":\"Tina-Vaz\"},\"url\":\"https:\\\/\\\/vazcollections.si\\\/en\\\/author\\\/tina-vaz\\\/\"}]}<\/script>\n<!-- \/ Yoast SEO plugin. -->","yoast_head_json":{"title":"VAZ v medijih | Dragocenosti Sku\u0161kove zbirke (Osmi dan) - Vzhodnoazijske zbirke v Sloveniji","robots":{"index":"index","follow":"follow","max-snippet":"max-snippet:-1","max-image-preview":"max-image-preview:large","max-video-preview":"max-video-preview:-1"},"canonical":"https:\/\/vazcollections.si\/en\/vaz-v-medijih-osmi-dan\/","og_locale":"en_US","og_type":"article","og_title":"VAZ v medijih | Dragocenosti Sku\u0161kove zbirke (Osmi dan) - Vzhodnoazijske zbirke v Sloveniji","og_description":"Vabimo vas k ogledu televizijskega prispevka Dragocenosti Sku\u0161kove zbirke, ki je bil na sporedu 8. januarja 2024 v sklopu oddaje Osmi dan. Tokratna oddaja predstavi Sku\u0161kovo zbirko, ki jo hrani Slovenski etnografski muzej. Prispevek govori o zgodovini Sku\u0161kove zbirke ter kako je s\u010dasoma postala ena izmed zbirk, ki jih hrani Slovenski etnografski muzej.\u00a0Pri prispevku so ...","og_url":"https:\/\/vazcollections.si\/en\/vaz-v-medijih-osmi-dan\/","og_site_name":"Vzhodnoazijske zbirke v Sloveniji","article_published_time":"2024-02-01T11:52:16+00:00","article_modified_time":"2025-02-24T09:55:43+00:00","og_image":[{"width":1024,"height":874,"url":"https:\/\/vazcollections.si\/wp-content\/uploads\/2024\/02\/VAZ-v-medijih_Osmi-dan_naslovna.jpg","type":"image\/jpeg"}],"author":"Tina-Vaz","twitter_card":"summary_large_image","twitter_misc":{"Written by":"Tina-Vaz","Est. reading time":"2 minutes"},"schema":{"@context":"https:\/\/schema.org","@graph":[{"@type":"Article","@id":"https:\/\/vazcollections.si\/en\/vaz-v-medijih-osmi-dan\/#article","isPartOf":{"@id":"https:\/\/vazcollections.si\/en\/vaz-v-medijih-osmi-dan\/"},"author":{"name":"Tina-Vaz","@id":"https:\/\/vazcollections.si\/en\/#\/schema\/person\/cb48cf2ec983d8e4ec949706f92735c6"},"headline":"VAZ v medijih | Dragocenosti Sku\u0161kove zbirke (Osmi dan)","datePublished":"2024-02-01T11:52:16+00:00","dateModified":"2025-02-24T09:55:43+00:00","mainEntityOfPage":{"@id":"https:\/\/vazcollections.si\/en\/vaz-v-medijih-osmi-dan\/"},"wordCount":190,"image":{"@id":"https:\/\/vazcollections.si\/en\/vaz-v-medijih-osmi-dan\/#primaryimage"},"thumbnailUrl":"https:\/\/vazcollections.si\/wp-content\/uploads\/2024\/02\/VAZ-v-medijih_Osmi-dan_naslovna.jpg","articleSection":["News","VAZ in media"],"inLanguage":"en-US"},{"@type":"WebPage","@id":"https:\/\/vazcollections.si\/en\/vaz-v-medijih-osmi-dan\/","url":"https:\/\/vazcollections.si\/en\/vaz-v-medijih-osmi-dan\/","name":"VAZ v medijih | Dragocenosti Sku\u0161kove zbirke (Osmi dan) - Vzhodnoazijske zbirke v Sloveniji","isPartOf":{"@id":"https:\/\/vazcollections.si\/en\/#website"},"primaryImageOfPage":{"@id":"https:\/\/vazcollections.si\/en\/vaz-v-medijih-osmi-dan\/#primaryimage"},"image":{"@id":"https:\/\/vazcollections.si\/en\/vaz-v-medijih-osmi-dan\/#primaryimage"},"thumbnailUrl":"https:\/\/vazcollections.si\/wp-content\/uploads\/2024\/02\/VAZ-v-medijih_Osmi-dan_naslovna.jpg","datePublished":"2024-02-01T11:52:16+00:00","dateModified":"2025-02-24T09:55:43+00:00","author":{"@id":"https:\/\/vazcollections.si\/en\/#\/schema\/person\/cb48cf2ec983d8e4ec949706f92735c6"},"breadcrumb":{"@id":"https:\/\/vazcollections.si\/en\/vaz-v-medijih-osmi-dan\/#breadcrumb"},"inLanguage":"en-US","potentialAction":[{"@type":"ReadAction","target":["https:\/\/vazcollections.si\/en\/vaz-v-medijih-osmi-dan\/"]}]},{"@type":"ImageObject","inLanguage":"en-US","@id":"https:\/\/vazcollections.si\/en\/vaz-v-medijih-osmi-dan\/#primaryimage","url":"https:\/\/vazcollections.si\/wp-content\/uploads\/2024\/02\/VAZ-v-medijih_Osmi-dan_naslovna.jpg","contentUrl":"https:\/\/vazcollections.si\/wp-content\/uploads\/2024\/02\/VAZ-v-medijih_Osmi-dan_naslovna.jpg","width":1024,"height":874,"caption":"OLYMPUS DIGITAL CAMERA"},{"@type":"BreadcrumbList","@id":"https:\/\/vazcollections.si\/en\/vaz-v-medijih-osmi-dan\/#breadcrumb","itemListElement":[{"@type":"ListItem","position":1,"name":"Home","item":"https:\/\/vazcollections.si\/en\/"},{"@type":"ListItem","position":2,"name":"VAZ v medijih | Dragocenosti Sku\u0161kove zbirke (Osmi dan)"}]},{"@type":"WebSite","@id":"https:\/\/vazcollections.si\/en\/#website","url":"https:\/\/vazcollections.si\/en\/","name":"Vzhodnoazijske zbirke v Sloveniji","description":"vpetost slovenskega prostora v globalno izmenjavo predmetov in idej z Vzhodno Azijo","potentialAction":[{"@type":"SearchAction","target":{"@type":"EntryPoint","urlTemplate":"https:\/\/vazcollections.si\/en\/?s={search_term_string}"},"query-input":{"@type":"PropertyValueSpecification","valueRequired":true,"valueName":"search_term_string"}}],"inLanguage":"en-US"},{"@type":"Person","@id":"https:\/\/vazcollections.si\/en\/#\/schema\/person\/cb48cf2ec983d8e4ec949706f92735c6","name":"Tina-Vaz","image":{"@type":"ImageObject","inLanguage":"en-US","@id":"https:\/\/secure.gravatar.com\/avatar\/d830bf42a7e44bfa48bf556bbf84d757f02f731670a6d2bc3d529ab9a5d865fd?s=96&d=mm&r=g","url":"https:\/\/secure.gravatar.com\/avatar\/d830bf42a7e44bfa48bf556bbf84d757f02f731670a6d2bc3d529ab9a5d865fd?s=96&d=mm&r=g","contentUrl":"https:\/\/secure.gravatar.com\/avatar\/d830bf42a7e44bfa48bf556bbf84d757f02f731670a6d2bc3d529ab9a5d865fd?s=96&d=mm&r=g","caption":"Tina-Vaz"},"url":"https:\/\/vazcollections.si\/en\/author\/tina-vaz\/"}]}},"_links":{"self":[{"href":"https:\/\/vazcollections.si\/en\/wp-json\/wp\/v2\/posts\/25869","targetHints":{"allow":["GET"]}}],"collection":[{"href":"https:\/\/vazcollections.si\/en\/wp-json\/wp\/v2\/posts"}],"about":[{"href":"https:\/\/vazcollections.si\/en\/wp-json\/wp\/v2\/types\/post"}],"author":[{"embeddable":true,"href":"https:\/\/vazcollections.si\/en\/wp-json\/wp\/v2\/users\/10"}],"replies":[{"embeddable":true,"href":"https:\/\/vazcollections.si\/en\/wp-json\/wp\/v2\/comments?post=25869"}],"version-history":[{"count":1,"href":"https:\/\/vazcollections.si\/en\/wp-json\/wp\/v2\/posts\/25869\/revisions"}],"predecessor-version":[{"id":26307,"href":"https:\/\/vazcollections.si\/en\/wp-json\/wp\/v2\/posts\/25869\/revisions\/26307"}],"wp:featuredmedia":[{"embeddable":true,"href":"https:\/\/vazcollections.si\/en\/wp-json\/wp\/v2\/media\/25473"}],"wp:attachment":[{"href":"https:\/\/vazcollections.si\/en\/wp-json\/wp\/v2\/media?parent=25869"}],"wp:term":[{"taxonomy":"category","embeddable":true,"href":"https:\/\/vazcollections.si\/en\/wp-json\/wp\/v2\/categories?post=25869"}],"curies":[{"name":"wp","href":"https:\/\/api.w.org\/{rel}","templated":true}]}}