{"id":21740,"date":"2022-04-21T19:11:38","date_gmt":"2022-04-21T17:11:38","guid":{"rendered":"https:\/\/vazcollections.si\/vzhodnoazijske-zbirke-v-sloveniji-knjiznica-makse-samsa\/"},"modified":"2025-02-24T13:21:39","modified_gmt":"2025-02-24T12:21:39","slug":"vzhodnoazijske-zbirke-v-sloveniji-knjiznica-makse-samsa","status":"publish","type":"post","link":"https:\/\/vazcollections.si\/en\/vzhodnoazijske-zbirke-v-sloveniji-knjiznica-makse-samsa\/","title":{"rendered":"Razstava Potujo\u010di VAZ | Vzhodnoazijske zbirke v Sloveniji v Knji\u017enici Makse Samsa"},"content":{"rendered":"<h5><\/h5>\n<p>Kje: Knji\u017enica Makse Samsa, Trg mar\u0161ala Tita 2, Ilirska Bistrica<\/p>\n<p>Kdaj: od 26. aprila do 12. maja 2022<\/p>\n<hr \/>\n<p>V \u010detrtek, 28. aprila 2022, ob 19.00 uri sta Oddelek za azijske \u0161tudije na Filozofski fakulteti Univerze v Ljubljani in Znanstveno-raziskovalno sredi\u0161\u010de Koper v sodelovanju s Knji\u017enico Makse Samsa in UT\u017dO Ilirska Bistrica organizirala odprtje razstave <em>Vzhodnoazijske zbirke v Sloveniji<\/em> v Ilirski Bistrici<em>. <\/em>To je \u017ee \u010detrta lokacija v Sloveniji, kjer <a href=\"http:\/\/dogodek-vaz-potujoci-vaz-gimnazija-celje-center\">je postavljena panojska razstava VAZ<\/a>. <strong>Ogled razstave je mo\u017een do 12. maja 2022<\/strong>. <strong><br \/>\n<\/strong><\/p>\n<p>Na dogodku se je zbrala \u0161tevil\u010dna doma\u010da publika, ki jo je najprej s \u010dudovito glasbo in\u0161trumenta <em>sanshin <\/em>pozdravila posebna gostja dogodka, japonska glasbenica in predavateljica na Oddelku za azijske \u0161tudije <strong>dr. <\/strong><b>Nagisa Moritoki \u0160kof.<\/b> Obiskovalce je na za\u010detku nagovorila direktorica knji\u017enice ga. Damijana Hrabar. \u010clanice projekta VAZ, <strong>dr. <\/strong><b>Klara Hrvatin, Maja Veseli\u010d in assist. Tina Berdajs<\/b> pa so predstavile projekt VAZ in sodelovanje pri zbiranju vzhodnoazijskih predmetov ter ustnih virov na obmo\u010dju Ilirske Bistrice. Dogodek je popestrila \u0161e osebna pripoved &#8216;o najdenem vzhodnoazijskem predmetu&#8217; ene od krajank in \u010dlanice programa Kultura Japonske UT\u017dO Ilriske Bistrice, ga. Marije Gaber\u0161nik. Dogodek se je zaklju\u010dil z zahvalo ga. Nevenke Tom\u0161i\u010d dr. Klari Hrvatin za njeno aktivno vlogo v programih UT\u017dO Ilirska Bistrica.<\/p>\n<p>O dogodku si lahko ve\u010d preberete tudi v \u010dlanku Primorskih novic z naslovom <a href=\"https:\/\/www.primorske.si\/primorska\/srednja-primorska\/na-ogled-tudi-kitajski-servisi\">Na ogled tudi kitajski servis<\/a>.<\/p>\n<div id='gallery-1' class='gallery galleryid-21740 gallery-columns-4 gallery-size-medium'><figure class='gallery-item'>\n\t\t\t<div class='gallery-icon landscape'>\n\t\t\t\t<a href='https:\/\/vazcollections.si\/wp-content\/uploads\/2022\/04\/Potujoci-VAZ-Ilirska-Bistrica.jpg'><img loading=\"lazy\" decoding=\"async\" width=\"300\" height=\"225\" src=\"https:\/\/vazcollections.si\/wp-content\/uploads\/2022\/04\/Potujoci-VAZ-Ilirska-Bistrica-300x225.jpg\" class=\"attachment-medium size-medium\" alt=\"\" aria-describedby=\"gallery-1-20749\" srcset=\"https:\/\/vazcollections.si\/wp-content\/uploads\/2022\/04\/Potujoci-VAZ-Ilirska-Bistrica-300x225.jpg 300w, https:\/\/vazcollections.si\/wp-content\/uploads\/2022\/04\/Potujoci-VAZ-Ilirska-Bistrica-1024x768.jpg 1024w, https:\/\/vazcollections.si\/wp-content\/uploads\/2022\/04\/Potujoci-VAZ-Ilirska-Bistrica-768x576.jpg 768w, https:\/\/vazcollections.si\/wp-content\/uploads\/2022\/04\/Potujoci-VAZ-Ilirska-Bistrica-1536x1152.jpg 1536w, https:\/\/vazcollections.si\/wp-content\/uploads\/2022\/04\/Potujoci-VAZ-Ilirska-Bistrica.jpg 1920w\" sizes=\"auto, (max-width: 300px) 100vw, 300px\" \/><\/a>\n\t\t\t<\/div>\n\t\t\t\t<figcaption class='wp-caption-text gallery-caption' id='gallery-1-20749'>\n\t\t\t\tZbrana lokalna publika ob poslu\u0161anju glasbe \n\t\t\t\t<\/figcaption><\/figure><figure class='gallery-item'>\n\t\t\t<div class='gallery-icon landscape'>\n\t\t\t\t<a href='https:\/\/vazcollections.si\/wp-content\/uploads\/2022\/04\/Potujoci-VAZ-Ilirska-Bistrica-6.jpg'><img loading=\"lazy\" decoding=\"async\" width=\"300\" height=\"225\" src=\"https:\/\/vazcollections.si\/wp-content\/uploads\/2022\/04\/Potujoci-VAZ-Ilirska-Bistrica-6-300x225.jpg\" class=\"attachment-medium size-medium\" alt=\"\" aria-describedby=\"gallery-1-20745\" srcset=\"https:\/\/vazcollections.si\/wp-content\/uploads\/2022\/04\/Potujoci-VAZ-Ilirska-Bistrica-6-300x225.jpg 300w, https:\/\/vazcollections.si\/wp-content\/uploads\/2022\/04\/Potujoci-VAZ-Ilirska-Bistrica-6-1024x768.jpg 1024w, https:\/\/vazcollections.si\/wp-content\/uploads\/2022\/04\/Potujoci-VAZ-Ilirska-Bistrica-6-768x576.jpg 768w, https:\/\/vazcollections.si\/wp-content\/uploads\/2022\/04\/Potujoci-VAZ-Ilirska-Bistrica-6-1536x1152.jpg 1536w, https:\/\/vazcollections.si\/wp-content\/uploads\/2022\/04\/Potujoci-VAZ-Ilirska-Bistrica-6.jpg 1920w\" sizes=\"auto, (max-width: 300px) 100vw, 300px\" \/><\/a>\n\t\t\t<\/div>\n\t\t\t\t<figcaption class='wp-caption-text gallery-caption' id='gallery-1-20745'>\n\t\t\t\tNagisa Moritoki \u0160kof ob igranju glasbe \n\t\t\t\t<\/figcaption><\/figure><figure class='gallery-item'>\n\t\t\t<div class='gallery-icon landscape'>\n\t\t\t\t<a href='https:\/\/vazcollections.si\/wp-content\/uploads\/2022\/04\/Potujoci-VAZ-Ilirska-Bistrica-3.jpg'><img loading=\"lazy\" decoding=\"async\" width=\"300\" height=\"225\" src=\"https:\/\/vazcollections.si\/wp-content\/uploads\/2022\/04\/Potujoci-VAZ-Ilirska-Bistrica-3-300x225.jpg\" class=\"attachment-medium size-medium\" alt=\"\" aria-describedby=\"gallery-1-20739\" srcset=\"https:\/\/vazcollections.si\/wp-content\/uploads\/2022\/04\/Potujoci-VAZ-Ilirska-Bistrica-3-300x225.jpg 300w, https:\/\/vazcollections.si\/wp-content\/uploads\/2022\/04\/Potujoci-VAZ-Ilirska-Bistrica-3-1024x768.jpg 1024w, https:\/\/vazcollections.si\/wp-content\/uploads\/2022\/04\/Potujoci-VAZ-Ilirska-Bistrica-3-768x576.jpg 768w, https:\/\/vazcollections.si\/wp-content\/uploads\/2022\/04\/Potujoci-VAZ-Ilirska-Bistrica-3-1536x1152.jpg 1536w, https:\/\/vazcollections.si\/wp-content\/uploads\/2022\/04\/Potujoci-VAZ-Ilirska-Bistrica-3.jpg 1920w\" sizes=\"auto, (max-width: 300px) 100vw, 300px\" \/><\/a>\n\t\t\t<\/div>\n\t\t\t\t<figcaption class='wp-caption-text gallery-caption' id='gallery-1-20739'>\n\t\t\t\tMarija Gaber\u0161niko ob pripovedovanju osebne zgodbe.\n\t\t\t\t<\/figcaption><\/figure><figure class='gallery-item'>\n\t\t\t<div class='gallery-icon landscape'>\n\t\t\t\t<a href='https:\/\/vazcollections.si\/wp-content\/uploads\/2022\/04\/Potujoci-VAZ-Ilirska-Bistrica-4.jpg'><img loading=\"lazy\" decoding=\"async\" width=\"300\" height=\"225\" src=\"https:\/\/vazcollections.si\/wp-content\/uploads\/2022\/04\/Potujoci-VAZ-Ilirska-Bistrica-4-300x225.jpg\" class=\"attachment-medium size-medium\" alt=\"\" aria-describedby=\"gallery-1-20741\" srcset=\"https:\/\/vazcollections.si\/wp-content\/uploads\/2022\/04\/Potujoci-VAZ-Ilirska-Bistrica-4-300x225.jpg 300w, https:\/\/vazcollections.si\/wp-content\/uploads\/2022\/04\/Potujoci-VAZ-Ilirska-Bistrica-4-1024x768.jpg 1024w, https:\/\/vazcollections.si\/wp-content\/uploads\/2022\/04\/Potujoci-VAZ-Ilirska-Bistrica-4-768x576.jpg 768w, https:\/\/vazcollections.si\/wp-content\/uploads\/2022\/04\/Potujoci-VAZ-Ilirska-Bistrica-4-1536x1152.jpg 1536w, https:\/\/vazcollections.si\/wp-content\/uploads\/2022\/04\/Potujoci-VAZ-Ilirska-Bistrica-4.jpg 1920w\" sizes=\"auto, (max-width: 300px) 100vw, 300px\" \/><\/a>\n\t\t\t<\/div>\n\t\t\t\t<figcaption class='wp-caption-text gallery-caption' id='gallery-1-20741'>\n\t\t\t\tVzhodnoazijska keramika v lasti krajank Ilirske bistrice.\n\t\t\t\t<\/figcaption><\/figure><figure class='gallery-item'>\n\t\t\t<div class='gallery-icon landscape'>\n\t\t\t\t<a href='https:\/\/vazcollections.si\/wp-content\/uploads\/2022\/04\/Potujoci-VAZ-Ilirska-Bistrica-5.jpg'><img loading=\"lazy\" decoding=\"async\" width=\"300\" height=\"225\" src=\"https:\/\/vazcollections.si\/wp-content\/uploads\/2022\/04\/Potujoci-VAZ-Ilirska-Bistrica-5-300x225.jpg\" class=\"attachment-medium size-medium\" alt=\"\" aria-describedby=\"gallery-1-20743\" srcset=\"https:\/\/vazcollections.si\/wp-content\/uploads\/2022\/04\/Potujoci-VAZ-Ilirska-Bistrica-5-300x225.jpg 300w, https:\/\/vazcollections.si\/wp-content\/uploads\/2022\/04\/Potujoci-VAZ-Ilirska-Bistrica-5-1024x768.jpg 1024w, https:\/\/vazcollections.si\/wp-content\/uploads\/2022\/04\/Potujoci-VAZ-Ilirska-Bistrica-5-768x576.jpg 768w, https:\/\/vazcollections.si\/wp-content\/uploads\/2022\/04\/Potujoci-VAZ-Ilirska-Bistrica-5-1536x1152.jpg 1536w, https:\/\/vazcollections.si\/wp-content\/uploads\/2022\/04\/Potujoci-VAZ-Ilirska-Bistrica-5.jpg 1920w\" sizes=\"auto, (max-width: 300px) 100vw, 300px\" \/><\/a>\n\t\t\t<\/div>\n\t\t\t\t<figcaption class='wp-caption-text gallery-caption' id='gallery-1-20743'>\n\t\t\t\tVzhodnoazijska keramika v lasti krajank Ilirske bistrice.\n\t\t\t\t<\/figcaption><\/figure><figure class='gallery-item'>\n\t\t\t<div class='gallery-icon landscape'>\n\t\t\t\t<a href='https:\/\/vazcollections.si\/wp-content\/uploads\/2022\/04\/Potujoci-VAZ-Ilirska-Bistrica-2.jpg'><img loading=\"lazy\" decoding=\"async\" width=\"300\" height=\"225\" src=\"https:\/\/vazcollections.si\/wp-content\/uploads\/2022\/04\/Potujoci-VAZ-Ilirska-Bistrica-2-300x225.jpg\" class=\"attachment-medium size-medium\" alt=\"\" aria-describedby=\"gallery-1-20737\" srcset=\"https:\/\/vazcollections.si\/wp-content\/uploads\/2022\/04\/Potujoci-VAZ-Ilirska-Bistrica-2-300x225.jpg 300w, https:\/\/vazcollections.si\/wp-content\/uploads\/2022\/04\/Potujoci-VAZ-Ilirska-Bistrica-2-1024x768.jpg 1024w, https:\/\/vazcollections.si\/wp-content\/uploads\/2022\/04\/Potujoci-VAZ-Ilirska-Bistrica-2-768x576.jpg 768w, https:\/\/vazcollections.si\/wp-content\/uploads\/2022\/04\/Potujoci-VAZ-Ilirska-Bistrica-2-1536x1152.jpg 1536w, https:\/\/vazcollections.si\/wp-content\/uploads\/2022\/04\/Potujoci-VAZ-Ilirska-Bistrica-2.jpg 1920w\" sizes=\"auto, (max-width: 300px) 100vw, 300px\" \/><\/a>\n\t\t\t<\/div>\n\t\t\t\t<figcaption class='wp-caption-text gallery-caption' id='gallery-1-20737'>\n\t\t\t\tSkupinska fotografija. \n\t\t\t\t<\/figcaption><\/figure>\n\t\t<\/div>\n\n","protected":false},"excerpt":{"rendered":"<p>Kje: Knji\u017enica Makse Samsa, Trg mar\u0161ala Tita 2, Ilirska Bistrica Kdaj: od 26. aprila do 12. maja 2022 V \u010detrtek, 28. aprila 2022, ob 19.00 uri sta Oddelek za azijske \u0161tudije na Filozofski fakulteti Univerze v Ljubljani in Znanstveno-raziskovalno sredi\u0161\u010de Koper v sodelovanju s Knji\u017enico Makse Samsa in UT\u017dO Ilirska Bistrica organizirala odprtje razstave Vzhodnoazijske &#8230; <\/p>\n","protected":false},"author":5,"featured_media":20749,"comment_status":"closed","ping_status":"closed","sticky":false,"template":"","format":"standard","meta":{"_acf_changed":false,"inline_featured_image":false,"footnotes":""},"categories":[338,340,513],"class_list":["post-21740","post","type-post","status-publish","format-standard","has-post-thumbnail","hentry","category-exhibition","category-news","category-public-events"],"acf":[],"yoast_head":"<!-- This site is optimized with the Yoast SEO plugin v27.4 - https:\/\/yoast.com\/product\/yoast-seo-wordpress\/ -->\n<title>Razstava Potujo\u010di VAZ | Vzhodnoazijske zbirke v Sloveniji v Knji\u017enici Makse Samsa<\/title>\n<meta name=\"description\" content=\"Obi\u0161\u010dite Vzhodnoazijske zbirke v Sloveniji v Knji\u017enici Makse Samsa, Ilirska Bistrica. Gostili bomo dr. Klaro Hrvatin in Nagiso Moritoki \u0160kof.\" \/>\n<meta name=\"robots\" content=\"index, follow, max-snippet:-1, max-image-preview:large, max-video-preview:-1\" \/>\n<link rel=\"canonical\" href=\"https:\/\/vazcollections.si\/en\/vzhodnoazijske-zbirke-v-sloveniji-knjiznica-makse-samsa\/\" \/>\n<meta property=\"og:locale\" content=\"en_US\" \/>\n<meta property=\"og:type\" content=\"article\" \/>\n<meta property=\"og:title\" content=\"Razstava Potujo\u010di VAZ | Vzhodnoazijske zbirke v Sloveniji v Knji\u017enici Makse Samsa\" \/>\n<meta property=\"og:description\" content=\"Obi\u0161\u010dite Vzhodnoazijske zbirke v Sloveniji v Knji\u017enici Makse Samsa, Ilirska Bistrica. Gostili bomo dr. Klaro Hrvatin in Nagiso Moritoki \u0160kof.\" \/>\n<meta property=\"og:url\" content=\"https:\/\/vazcollections.si\/en\/vzhodnoazijske-zbirke-v-sloveniji-knjiznica-makse-samsa\/\" \/>\n<meta property=\"og:site_name\" content=\"Vzhodnoazijske zbirke v Sloveniji\" \/>\n<meta property=\"article:published_time\" content=\"2022-04-21T17:11:38+00:00\" \/>\n<meta property=\"article:modified_time\" content=\"2025-02-24T12:21:39+00:00\" \/>\n<meta property=\"og:image\" content=\"https:\/\/vazcollections.si\/wp-content\/uploads\/2022\/04\/Potujoci-VAZ-Ilirska-Bistrica.jpg\" \/>\n\t<meta property=\"og:image:width\" content=\"1920\" \/>\n\t<meta property=\"og:image:height\" content=\"1440\" \/>\n\t<meta property=\"og:image:type\" content=\"image\/jpeg\" \/>\n<meta name=\"author\" content=\"dunjaadmin\" \/>\n<meta name=\"twitter:card\" content=\"summary_large_image\" \/>\n<meta name=\"twitter:label1\" content=\"Written by\" \/>\n\t<meta name=\"twitter:data1\" content=\"dunjaadmin\" \/>\n\t<meta name=\"twitter:label2\" content=\"Est. reading time\" \/>\n\t<meta name=\"twitter:data2\" content=\"2 minutes\" \/>\n<script type=\"application\/ld+json\" class=\"yoast-schema-graph\">{\"@context\":\"https:\\\/\\\/schema.org\",\"@graph\":[{\"@type\":\"Article\",\"@id\":\"https:\\\/\\\/vazcollections.si\\\/en\\\/vzhodnoazijske-zbirke-v-sloveniji-knjiznica-makse-samsa\\\/#article\",\"isPartOf\":{\"@id\":\"https:\\\/\\\/vazcollections.si\\\/en\\\/vzhodnoazijske-zbirke-v-sloveniji-knjiznica-makse-samsa\\\/\"},\"author\":{\"name\":\"dunjaadmin\",\"@id\":\"https:\\\/\\\/vazcollections.si\\\/en\\\/#\\\/schema\\\/person\\\/b35be3e5b406383856973ae69198c95e\"},\"headline\":\"Razstava Potujo\u010di VAZ | Vzhodnoazijske zbirke v Sloveniji v Knji\u017enici Makse Samsa\",\"datePublished\":\"2022-04-21T17:11:38+00:00\",\"dateModified\":\"2025-02-24T12:21:39+00:00\",\"mainEntityOfPage\":{\"@id\":\"https:\\\/\\\/vazcollections.si\\\/en\\\/vzhodnoazijske-zbirke-v-sloveniji-knjiznica-makse-samsa\\\/\"},\"wordCount\":245,\"image\":{\"@id\":\"https:\\\/\\\/vazcollections.si\\\/en\\\/vzhodnoazijske-zbirke-v-sloveniji-knjiznica-makse-samsa\\\/#primaryimage\"},\"thumbnailUrl\":\"https:\\\/\\\/vazcollections.si\\\/wp-content\\\/uploads\\\/2022\\\/04\\\/Potujoci-VAZ-Ilirska-Bistrica.jpg\",\"articleSection\":[\"Exhibitions\",\"News\",\"Public events\"],\"inLanguage\":\"en-US\"},{\"@type\":\"WebPage\",\"@id\":\"https:\\\/\\\/vazcollections.si\\\/en\\\/vzhodnoazijske-zbirke-v-sloveniji-knjiznica-makse-samsa\\\/\",\"url\":\"https:\\\/\\\/vazcollections.si\\\/en\\\/vzhodnoazijske-zbirke-v-sloveniji-knjiznica-makse-samsa\\\/\",\"name\":\"Razstava Potujo\u010di VAZ | Vzhodnoazijske zbirke v Sloveniji v Knji\u017enici Makse Samsa\",\"isPartOf\":{\"@id\":\"https:\\\/\\\/vazcollections.si\\\/en\\\/#website\"},\"primaryImageOfPage\":{\"@id\":\"https:\\\/\\\/vazcollections.si\\\/en\\\/vzhodnoazijske-zbirke-v-sloveniji-knjiznica-makse-samsa\\\/#primaryimage\"},\"image\":{\"@id\":\"https:\\\/\\\/vazcollections.si\\\/en\\\/vzhodnoazijske-zbirke-v-sloveniji-knjiznica-makse-samsa\\\/#primaryimage\"},\"thumbnailUrl\":\"https:\\\/\\\/vazcollections.si\\\/wp-content\\\/uploads\\\/2022\\\/04\\\/Potujoci-VAZ-Ilirska-Bistrica.jpg\",\"datePublished\":\"2022-04-21T17:11:38+00:00\",\"dateModified\":\"2025-02-24T12:21:39+00:00\",\"author\":{\"@id\":\"https:\\\/\\\/vazcollections.si\\\/en\\\/#\\\/schema\\\/person\\\/b35be3e5b406383856973ae69198c95e\"},\"description\":\"Obi\u0161\u010dite Vzhodnoazijske zbirke v Sloveniji v Knji\u017enici Makse Samsa, Ilirska Bistrica. Gostili bomo dr. Klaro Hrvatin in Nagiso Moritoki \u0160kof.\",\"breadcrumb\":{\"@id\":\"https:\\\/\\\/vazcollections.si\\\/en\\\/vzhodnoazijske-zbirke-v-sloveniji-knjiznica-makse-samsa\\\/#breadcrumb\"},\"inLanguage\":\"en-US\",\"potentialAction\":[{\"@type\":\"ReadAction\",\"target\":[\"https:\\\/\\\/vazcollections.si\\\/en\\\/vzhodnoazijske-zbirke-v-sloveniji-knjiznica-makse-samsa\\\/\"]}]},{\"@type\":\"ImageObject\",\"inLanguage\":\"en-US\",\"@id\":\"https:\\\/\\\/vazcollections.si\\\/en\\\/vzhodnoazijske-zbirke-v-sloveniji-knjiznica-makse-samsa\\\/#primaryimage\",\"url\":\"https:\\\/\\\/vazcollections.si\\\/wp-content\\\/uploads\\\/2022\\\/04\\\/Potujoci-VAZ-Ilirska-Bistrica.jpg\",\"contentUrl\":\"https:\\\/\\\/vazcollections.si\\\/wp-content\\\/uploads\\\/2022\\\/04\\\/Potujoci-VAZ-Ilirska-Bistrica.jpg\",\"width\":1920,\"height\":1440,\"caption\":\"Zbrana lokalna publika ob poslu\u0161anju glasbe\"},{\"@type\":\"BreadcrumbList\",\"@id\":\"https:\\\/\\\/vazcollections.si\\\/en\\\/vzhodnoazijske-zbirke-v-sloveniji-knjiznica-makse-samsa\\\/#breadcrumb\",\"itemListElement\":[{\"@type\":\"ListItem\",\"position\":1,\"name\":\"Home\",\"item\":\"https:\\\/\\\/vazcollections.si\\\/en\\\/\"},{\"@type\":\"ListItem\",\"position\":2,\"name\":\"Razstava Potujo\u010di VAZ | Vzhodnoazijske zbirke v Sloveniji v Knji\u017enici Makse Samsa\"}]},{\"@type\":\"WebSite\",\"@id\":\"https:\\\/\\\/vazcollections.si\\\/en\\\/#website\",\"url\":\"https:\\\/\\\/vazcollections.si\\\/en\\\/\",\"name\":\"Vzhodnoazijske zbirke v Sloveniji\",\"description\":\"vpetost slovenskega prostora v globalno izmenjavo predmetov in idej z Vzhodno Azijo\",\"potentialAction\":[{\"@type\":\"SearchAction\",\"target\":{\"@type\":\"EntryPoint\",\"urlTemplate\":\"https:\\\/\\\/vazcollections.si\\\/en\\\/?s={search_term_string}\"},\"query-input\":{\"@type\":\"PropertyValueSpecification\",\"valueRequired\":true,\"valueName\":\"search_term_string\"}}],\"inLanguage\":\"en-US\"},{\"@type\":\"Person\",\"@id\":\"https:\\\/\\\/vazcollections.si\\\/en\\\/#\\\/schema\\\/person\\\/b35be3e5b406383856973ae69198c95e\",\"name\":\"dunjaadmin\",\"image\":{\"@type\":\"ImageObject\",\"inLanguage\":\"en-US\",\"@id\":\"https:\\\/\\\/secure.gravatar.com\\\/avatar\\\/9828bd4da52ef11350d2653d9d3ad9aefc23dca76c2b7e3130e96efe508e0808?s=96&d=mm&r=g\",\"url\":\"https:\\\/\\\/secure.gravatar.com\\\/avatar\\\/9828bd4da52ef11350d2653d9d3ad9aefc23dca76c2b7e3130e96efe508e0808?s=96&d=mm&r=g\",\"contentUrl\":\"https:\\\/\\\/secure.gravatar.com\\\/avatar\\\/9828bd4da52ef11350d2653d9d3ad9aefc23dca76c2b7e3130e96efe508e0808?s=96&d=mm&r=g\",\"caption\":\"dunjaadmin\"},\"url\":\"https:\\\/\\\/vazcollections.si\\\/en\\\/author\\\/dunjaadmin\\\/\"}]}<\/script>\n<!-- \/ Yoast SEO plugin. -->","yoast_head_json":{"title":"Razstava Potujo\u010di VAZ | Vzhodnoazijske zbirke v Sloveniji v Knji\u017enici Makse Samsa","description":"Obi\u0161\u010dite Vzhodnoazijske zbirke v Sloveniji v Knji\u017enici Makse Samsa, Ilirska Bistrica. Gostili bomo dr. Klaro Hrvatin in Nagiso Moritoki \u0160kof.","robots":{"index":"index","follow":"follow","max-snippet":"max-snippet:-1","max-image-preview":"max-image-preview:large","max-video-preview":"max-video-preview:-1"},"canonical":"https:\/\/vazcollections.si\/en\/vzhodnoazijske-zbirke-v-sloveniji-knjiznica-makse-samsa\/","og_locale":"en_US","og_type":"article","og_title":"Razstava Potujo\u010di VAZ | Vzhodnoazijske zbirke v Sloveniji v Knji\u017enici Makse Samsa","og_description":"Obi\u0161\u010dite Vzhodnoazijske zbirke v Sloveniji v Knji\u017enici Makse Samsa, Ilirska Bistrica. Gostili bomo dr. Klaro Hrvatin in Nagiso Moritoki \u0160kof.","og_url":"https:\/\/vazcollections.si\/en\/vzhodnoazijske-zbirke-v-sloveniji-knjiznica-makse-samsa\/","og_site_name":"Vzhodnoazijske zbirke v Sloveniji","article_published_time":"2022-04-21T17:11:38+00:00","article_modified_time":"2025-02-24T12:21:39+00:00","og_image":[{"width":1920,"height":1440,"url":"https:\/\/vazcollections.si\/wp-content\/uploads\/2022\/04\/Potujoci-VAZ-Ilirska-Bistrica.jpg","type":"image\/jpeg"}],"author":"dunjaadmin","twitter_card":"summary_large_image","twitter_misc":{"Written by":"dunjaadmin","Est. reading time":"2 minutes"},"schema":{"@context":"https:\/\/schema.org","@graph":[{"@type":"Article","@id":"https:\/\/vazcollections.si\/en\/vzhodnoazijske-zbirke-v-sloveniji-knjiznica-makse-samsa\/#article","isPartOf":{"@id":"https:\/\/vazcollections.si\/en\/vzhodnoazijske-zbirke-v-sloveniji-knjiznica-makse-samsa\/"},"author":{"name":"dunjaadmin","@id":"https:\/\/vazcollections.si\/en\/#\/schema\/person\/b35be3e5b406383856973ae69198c95e"},"headline":"Razstava Potujo\u010di VAZ | Vzhodnoazijske zbirke v Sloveniji v Knji\u017enici Makse Samsa","datePublished":"2022-04-21T17:11:38+00:00","dateModified":"2025-02-24T12:21:39+00:00","mainEntityOfPage":{"@id":"https:\/\/vazcollections.si\/en\/vzhodnoazijske-zbirke-v-sloveniji-knjiznica-makse-samsa\/"},"wordCount":245,"image":{"@id":"https:\/\/vazcollections.si\/en\/vzhodnoazijske-zbirke-v-sloveniji-knjiznica-makse-samsa\/#primaryimage"},"thumbnailUrl":"https:\/\/vazcollections.si\/wp-content\/uploads\/2022\/04\/Potujoci-VAZ-Ilirska-Bistrica.jpg","articleSection":["Exhibitions","News","Public events"],"inLanguage":"en-US"},{"@type":"WebPage","@id":"https:\/\/vazcollections.si\/en\/vzhodnoazijske-zbirke-v-sloveniji-knjiznica-makse-samsa\/","url":"https:\/\/vazcollections.si\/en\/vzhodnoazijske-zbirke-v-sloveniji-knjiznica-makse-samsa\/","name":"Razstava Potujo\u010di VAZ | Vzhodnoazijske zbirke v Sloveniji v Knji\u017enici Makse Samsa","isPartOf":{"@id":"https:\/\/vazcollections.si\/en\/#website"},"primaryImageOfPage":{"@id":"https:\/\/vazcollections.si\/en\/vzhodnoazijske-zbirke-v-sloveniji-knjiznica-makse-samsa\/#primaryimage"},"image":{"@id":"https:\/\/vazcollections.si\/en\/vzhodnoazijske-zbirke-v-sloveniji-knjiznica-makse-samsa\/#primaryimage"},"thumbnailUrl":"https:\/\/vazcollections.si\/wp-content\/uploads\/2022\/04\/Potujoci-VAZ-Ilirska-Bistrica.jpg","datePublished":"2022-04-21T17:11:38+00:00","dateModified":"2025-02-24T12:21:39+00:00","author":{"@id":"https:\/\/vazcollections.si\/en\/#\/schema\/person\/b35be3e5b406383856973ae69198c95e"},"description":"Obi\u0161\u010dite Vzhodnoazijske zbirke v Sloveniji v Knji\u017enici Makse Samsa, Ilirska Bistrica. Gostili bomo dr. Klaro Hrvatin in Nagiso Moritoki \u0160kof.","breadcrumb":{"@id":"https:\/\/vazcollections.si\/en\/vzhodnoazijske-zbirke-v-sloveniji-knjiznica-makse-samsa\/#breadcrumb"},"inLanguage":"en-US","potentialAction":[{"@type":"ReadAction","target":["https:\/\/vazcollections.si\/en\/vzhodnoazijske-zbirke-v-sloveniji-knjiznica-makse-samsa\/"]}]},{"@type":"ImageObject","inLanguage":"en-US","@id":"https:\/\/vazcollections.si\/en\/vzhodnoazijske-zbirke-v-sloveniji-knjiznica-makse-samsa\/#primaryimage","url":"https:\/\/vazcollections.si\/wp-content\/uploads\/2022\/04\/Potujoci-VAZ-Ilirska-Bistrica.jpg","contentUrl":"https:\/\/vazcollections.si\/wp-content\/uploads\/2022\/04\/Potujoci-VAZ-Ilirska-Bistrica.jpg","width":1920,"height":1440,"caption":"Zbrana lokalna publika ob poslu\u0161anju glasbe"},{"@type":"BreadcrumbList","@id":"https:\/\/vazcollections.si\/en\/vzhodnoazijske-zbirke-v-sloveniji-knjiznica-makse-samsa\/#breadcrumb","itemListElement":[{"@type":"ListItem","position":1,"name":"Home","item":"https:\/\/vazcollections.si\/en\/"},{"@type":"ListItem","position":2,"name":"Razstava Potujo\u010di VAZ | Vzhodnoazijske zbirke v Sloveniji v Knji\u017enici Makse Samsa"}]},{"@type":"WebSite","@id":"https:\/\/vazcollections.si\/en\/#website","url":"https:\/\/vazcollections.si\/en\/","name":"Vzhodnoazijske zbirke v Sloveniji","description":"vpetost slovenskega prostora v globalno izmenjavo predmetov in idej z Vzhodno Azijo","potentialAction":[{"@type":"SearchAction","target":{"@type":"EntryPoint","urlTemplate":"https:\/\/vazcollections.si\/en\/?s={search_term_string}"},"query-input":{"@type":"PropertyValueSpecification","valueRequired":true,"valueName":"search_term_string"}}],"inLanguage":"en-US"},{"@type":"Person","@id":"https:\/\/vazcollections.si\/en\/#\/schema\/person\/b35be3e5b406383856973ae69198c95e","name":"dunjaadmin","image":{"@type":"ImageObject","inLanguage":"en-US","@id":"https:\/\/secure.gravatar.com\/avatar\/9828bd4da52ef11350d2653d9d3ad9aefc23dca76c2b7e3130e96efe508e0808?s=96&d=mm&r=g","url":"https:\/\/secure.gravatar.com\/avatar\/9828bd4da52ef11350d2653d9d3ad9aefc23dca76c2b7e3130e96efe508e0808?s=96&d=mm&r=g","contentUrl":"https:\/\/secure.gravatar.com\/avatar\/9828bd4da52ef11350d2653d9d3ad9aefc23dca76c2b7e3130e96efe508e0808?s=96&d=mm&r=g","caption":"dunjaadmin"},"url":"https:\/\/vazcollections.si\/en\/author\/dunjaadmin\/"}]}},"_links":{"self":[{"href":"https:\/\/vazcollections.si\/en\/wp-json\/wp\/v2\/posts\/21740","targetHints":{"allow":["GET"]}}],"collection":[{"href":"https:\/\/vazcollections.si\/en\/wp-json\/wp\/v2\/posts"}],"about":[{"href":"https:\/\/vazcollections.si\/en\/wp-json\/wp\/v2\/types\/post"}],"author":[{"embeddable":true,"href":"https:\/\/vazcollections.si\/en\/wp-json\/wp\/v2\/users\/5"}],"replies":[{"embeddable":true,"href":"https:\/\/vazcollections.si\/en\/wp-json\/wp\/v2\/comments?post=21740"}],"version-history":[{"count":1,"href":"https:\/\/vazcollections.si\/en\/wp-json\/wp\/v2\/posts\/21740\/revisions"}],"predecessor-version":[{"id":24841,"href":"https:\/\/vazcollections.si\/en\/wp-json\/wp\/v2\/posts\/21740\/revisions\/24841"}],"wp:featuredmedia":[{"embeddable":true,"href":"https:\/\/vazcollections.si\/en\/wp-json\/wp\/v2\/media\/20749"}],"wp:attachment":[{"href":"https:\/\/vazcollections.si\/en\/wp-json\/wp\/v2\/media?parent=21740"}],"wp:term":[{"taxonomy":"category","embeddable":true,"href":"https:\/\/vazcollections.si\/en\/wp-json\/wp\/v2\/categories?post=21740"}],"curies":[{"name":"wp","href":"https:\/\/api.w.org\/{rel}","templated":true}]}}