{"id":21726,"date":"2022-06-20T10:21:33","date_gmt":"2022-06-20T08:21:33","guid":{"rendered":"https:\/\/vazcollections.si\/potujoci-vaz-v-slovenskem-etnografskem-muzeju\/"},"modified":"2025-02-24T11:46:40","modified_gmt":"2025-02-24T10:46:40","slug":"potujoci-vaz-v-slovenskem-etnografskem-muzeju","status":"publish","type":"post","link":"https:\/\/vazcollections.si\/en\/potujoci-vaz-v-slovenskem-etnografskem-muzeju\/","title":{"rendered":"Potujo\u010di VAZ v Slovenskem etnografskem muzeju"},"content":{"rendered":"<p>Oddelek za azijske \u0161tudije na Filozofski fakulteti Univerze v Ljubljani in Znanstveno-raziskovalno sredi\u0161\u010de Koper sta v sodelovanju s <a href=\"https:\/\/vazcollections.si\/muzeji\/slovenski-etnografski-muzej\/\">Slovenskim etnografskim muzejem<\/a> v torek 21. junija 2022 ob 11.00 uri organizirala odprtje panojske razstave <em>Vzhodnoazijske zbirke v Sloveniji<\/em> na vrtu pred Slovenskim etnografskim muzejem. Dogodek je potekal v okviru Evropske no\u010di raziskovalcev 2022-2023, ki poteka pod sloganom <em>\u010clovek \u017eivali in \u017eival \u010dloveku<\/em>. <strong>Ogled razstave je mo\u017een do 28. 8. 2022<\/strong>.<\/p>\n<p>Na dogodku se je zbrala \u0161tevil\u010dna publika, ki jo je najprej nagovorila Natalija Polenec, direktorica SEM, Ralf \u010ceplak Mencin, kustos za azijske zbirke v SEM in Nata\u0161a Vampelj Suhadolnik, FF UL, vodja projekta VAZ. Prvi del se je zaklju\u010dil z ogledom panojske razstave, ki je del serije postavitev <a href=\"https:\/\/vazcollections.si\/en\/?p=21747\">Potujo\u010di VAZ<\/a>.<\/p>\n<p>Drugi del je potekal v notranjosti muzeja, za\u010den\u0161i z ogledom dveh kratkih filmov. Prvi film o <a href=\"https:\/\/vazcollections.si\/?s=golobja+pi%C5%A1%C4%8Dal&amp;post_type=predmeti\">golobjih pi\u0161\u010dalih<\/a> iz <a href=\"https:\/\/vazcollections.si\/zbirke\/skuskova-zbirka-sem\/\">Sku\u0161kove zbirke<\/a> je nastal v sklopu Evropske no\u010di raziskovalcev 2022-2023. Drugi film o Sku\u0161kovi zbirki na splo\u0161no pa je SEM pripravil v enem od preteklih skupnih sodelovanj <a href=\"https:\/\/vazcollections.si\/en\/?p=21751\">PAGODE Europeana &#8211; China<\/a>. Sledil je zanimiv pogovor o Sku\u0161kovi zbirki. Pogovor, v katerem so sodelovali Klara Hrvatin (Oddelek za azijske \u0161tudije, FF UL), Ralf \u010ceplak Mencin (SEM), Helena Motoh (ZRS Koper in Oddelek za azijske \u0161tudije, FF UL) in Tina Berdajs (Oddelek za azijske \u0161tudije, FF UL), je vodila\u00a0 Maja Veseli\u010d (Oddelek za azijske \u0161tudije, FF UL).<\/p>\n<p>Celotni program smo zaokro\u017eili z ogledom dela stalne razstave SEM, ki vklju\u010duje nekaj predmetov iz Sku\u0161kove zbirke. Vodenje na temo <em>\u010clovek \u017eivali in \u017eival \u010dloveku<\/em>, ki ga je izvedla Nata\u0161a Vampelj Suhadolnik (Oddelek za azijske \u0161tudije, FF UL), se je osredoto\u010dilo na \u017eivalske motive in njihove simboli\u010dne pomene v tradicionalni kitajski dru\u017ebi &#8211; motive, ki so vseprisotni tudi na razstavljenih kosih pohi\u0161tva in obla\u010dil.<\/p>\n<div id='gallery-1' class='gallery galleryid-21726 gallery-columns-4 gallery-size-medium'><figure class='gallery-item'>\n\t\t\t<div class='gallery-icon landscape'>\n\t\t\t\t<a href='https:\/\/vazcollections.si\/wp-content\/uploads\/2022\/06\/Potujoci-VAZ-in-SEM-1.jpg'><img loading=\"lazy\" decoding=\"async\" width=\"300\" height=\"225\" src=\"https:\/\/vazcollections.si\/wp-content\/uploads\/2022\/06\/Potujoci-VAZ-in-SEM-1-300x225.jpg\" class=\"attachment-medium size-medium\" alt=\"\" aria-describedby=\"gallery-1-24812\" srcset=\"https:\/\/vazcollections.si\/wp-content\/uploads\/2022\/06\/Potujoci-VAZ-in-SEM-1-300x225.jpg 300w, https:\/\/vazcollections.si\/wp-content\/uploads\/2022\/06\/Potujoci-VAZ-in-SEM-1-1024x768.jpg 1024w, https:\/\/vazcollections.si\/wp-content\/uploads\/2022\/06\/Potujoci-VAZ-in-SEM-1-768x576.jpg 768w, https:\/\/vazcollections.si\/wp-content\/uploads\/2022\/06\/Potujoci-VAZ-in-SEM-1-1536x1152.jpg 1536w, https:\/\/vazcollections.si\/wp-content\/uploads\/2022\/06\/Potujoci-VAZ-in-SEM-1.jpg 1920w\" sizes=\"auto, (max-width: 300px) 100vw, 300px\" \/><\/a>\n\t\t\t<\/div>\n\t\t\t\t<figcaption class='wp-caption-text gallery-caption' id='gallery-1-24812'>\n\t\t\t\tNagovori Natalije Polenec, direktorica SEM, Ralfa \u010ceplak Mencin, kustos za azijske zbirke v SEM in Nata\u0161e Vampelj Suhadolnik, FF UL\n\t\t\t\t<\/figcaption><\/figure><figure class='gallery-item'>\n\t\t\t<div class='gallery-icon landscape'>\n\t\t\t\t<a href='https:\/\/vazcollections.si\/wp-content\/uploads\/2022\/06\/Potujoci-VAZ-in-SEM-5.jpg'><img loading=\"lazy\" decoding=\"async\" width=\"300\" height=\"225\" src=\"https:\/\/vazcollections.si\/wp-content\/uploads\/2022\/06\/Potujoci-VAZ-in-SEM-5-300x225.jpg\" class=\"attachment-medium size-medium\" alt=\"\" aria-describedby=\"gallery-1-24816\" srcset=\"https:\/\/vazcollections.si\/wp-content\/uploads\/2022\/06\/Potujoci-VAZ-in-SEM-5-300x225.jpg 300w, https:\/\/vazcollections.si\/wp-content\/uploads\/2022\/06\/Potujoci-VAZ-in-SEM-5-1024x768.jpg 1024w, https:\/\/vazcollections.si\/wp-content\/uploads\/2022\/06\/Potujoci-VAZ-in-SEM-5-768x576.jpg 768w, https:\/\/vazcollections.si\/wp-content\/uploads\/2022\/06\/Potujoci-VAZ-in-SEM-5-1536x1152.jpg 1536w, https:\/\/vazcollections.si\/wp-content\/uploads\/2022\/06\/Potujoci-VAZ-in-SEM-5.jpg 1920w\" sizes=\"auto, (max-width: 300px) 100vw, 300px\" \/><\/a>\n\t\t\t<\/div>\n\t\t\t\t<figcaption class='wp-caption-text gallery-caption' id='gallery-1-24816'>\n\t\t\t\tOgled razstave Potujo\u010di VAZ. \n\t\t\t\t<\/figcaption><\/figure><figure class='gallery-item'>\n\t\t\t<div class='gallery-icon landscape'>\n\t\t\t\t<a href='https:\/\/vazcollections.si\/wp-content\/uploads\/2022\/06\/Potujoci-VAZ-in-SEM-6.jpg'><img loading=\"lazy\" decoding=\"async\" width=\"300\" height=\"225\" src=\"https:\/\/vazcollections.si\/wp-content\/uploads\/2022\/06\/Potujoci-VAZ-in-SEM-6-300x225.jpg\" class=\"attachment-medium size-medium\" alt=\"\" aria-describedby=\"gallery-1-24817\" srcset=\"https:\/\/vazcollections.si\/wp-content\/uploads\/2022\/06\/Potujoci-VAZ-in-SEM-6-300x225.jpg 300w, https:\/\/vazcollections.si\/wp-content\/uploads\/2022\/06\/Potujoci-VAZ-in-SEM-6-1024x768.jpg 1024w, https:\/\/vazcollections.si\/wp-content\/uploads\/2022\/06\/Potujoci-VAZ-in-SEM-6-768x576.jpg 768w, https:\/\/vazcollections.si\/wp-content\/uploads\/2022\/06\/Potujoci-VAZ-in-SEM-6-1536x1152.jpg 1536w, https:\/\/vazcollections.si\/wp-content\/uploads\/2022\/06\/Potujoci-VAZ-in-SEM-6.jpg 1920w\" sizes=\"auto, (max-width: 300px) 100vw, 300px\" \/><\/a>\n\t\t\t<\/div>\n\t\t\t\t<figcaption class='wp-caption-text gallery-caption' id='gallery-1-24817'>\n\t\t\t\tOkrogla miza o Sku\u0161kovi zbirki. \n\t\t\t\t<\/figcaption><\/figure><figure class='gallery-item'>\n\t\t\t<div class='gallery-icon landscape'>\n\t\t\t\t<a href='https:\/\/vazcollections.si\/wp-content\/uploads\/2022\/06\/Potujoci-VAZ-in-SEM-4-1.jpg'><img loading=\"lazy\" decoding=\"async\" width=\"300\" height=\"225\" src=\"https:\/\/vazcollections.si\/wp-content\/uploads\/2022\/06\/Potujoci-VAZ-in-SEM-4-1-300x225.jpg\" class=\"attachment-medium size-medium\" alt=\"\" aria-describedby=\"gallery-1-24818\" srcset=\"https:\/\/vazcollections.si\/wp-content\/uploads\/2022\/06\/Potujoci-VAZ-in-SEM-4-1-300x225.jpg 300w, https:\/\/vazcollections.si\/wp-content\/uploads\/2022\/06\/Potujoci-VAZ-in-SEM-4-1-1024x768.jpg 1024w, https:\/\/vazcollections.si\/wp-content\/uploads\/2022\/06\/Potujoci-VAZ-in-SEM-4-1-768x576.jpg 768w, https:\/\/vazcollections.si\/wp-content\/uploads\/2022\/06\/Potujoci-VAZ-in-SEM-4-1-1536x1152.jpg 1536w, https:\/\/vazcollections.si\/wp-content\/uploads\/2022\/06\/Potujoci-VAZ-in-SEM-4-1.jpg 1920w\" sizes=\"auto, (max-width: 300px) 100vw, 300px\" \/><\/a>\n\t\t\t<\/div>\n\t\t\t\t<figcaption class='wp-caption-text gallery-caption' id='gallery-1-24818'>\n\t\t\t\tVodenje po stalni razstavi.\n\t\t\t\t<\/figcaption><\/figure>\n\t\t<\/div>\n\n","protected":false},"excerpt":{"rendered":"<p>Oddelek za azijske \u0161tudije na Filozofski fakulteti Univerze v Ljubljani in Znanstveno-raziskovalno sredi\u0161\u010de Koper sta v sodelovanju s Slovenskim etnografskim muzejem v torek 21. junija 2022 ob 11.00 uri organizirala odprtje panojske razstave Vzhodnoazijske zbirke v Sloveniji na vrtu pred Slovenskim etnografskim muzejem. Dogodek je potekal v okviru Evropske no\u010di raziskovalcev 2022-2023, ki poteka pod &#8230; <\/p>\n","protected":false},"author":5,"featured_media":21727,"comment_status":"closed","ping_status":"closed","sticky":false,"template":"","format":"standard","meta":{"_acf_changed":false,"inline_featured_image":false,"footnotes":""},"categories":[338,340,513],"class_list":["post-21726","post","type-post","status-publish","format-standard","has-post-thumbnail","hentry","category-exhibition","category-news","category-public-events"],"acf":[],"yoast_head":"<!-- This site is optimized with the Yoast SEO plugin v27.4 - https:\/\/yoast.com\/product\/yoast-seo-wordpress\/ -->\n<title>Potujo\u010di VAZ v Slovenskem etnografskem muzeju<\/title>\n<meta name=\"description\" content=\"Vabimo vas na odprtje panojske razstave\u00a0Potujo\u010di VAZ v torek, 21. junija 2022, ob 11.00\u00a0v Slovenski etnografski muzej (vrt pred Kavarno SEM).\u00a0\" \/>\n<meta name=\"robots\" content=\"index, follow, max-snippet:-1, max-image-preview:large, max-video-preview:-1\" \/>\n<link rel=\"canonical\" href=\"https:\/\/vazcollections.si\/en\/potujoci-vaz-v-slovenskem-etnografskem-muzeju\/\" \/>\n<meta property=\"og:locale\" content=\"en_US\" \/>\n<meta property=\"og:type\" content=\"article\" \/>\n<meta property=\"og:title\" content=\"Potujo\u010di VAZ v Slovenskem etnografskem muzeju\" \/>\n<meta property=\"og:description\" content=\"Vabimo vas na odprtje panojske razstave\u00a0Potujo\u010di VAZ v torek, 21. junija 2022, ob 11.00\u00a0v Slovenski etnografski muzej (vrt pred Kavarno SEM).\u00a0\" \/>\n<meta property=\"og:url\" content=\"https:\/\/vazcollections.si\/en\/potujoci-vaz-v-slovenskem-etnografskem-muzeju\/\" \/>\n<meta property=\"og:site_name\" content=\"Vzhodnoazijske zbirke v Sloveniji\" \/>\n<meta property=\"article:published_time\" content=\"2022-06-20T08:21:33+00:00\" \/>\n<meta property=\"article:modified_time\" content=\"2025-02-24T10:46:40+00:00\" \/>\n<meta property=\"og:image\" content=\"https:\/\/vazcollections.si\/wp-content\/uploads\/2022\/06\/Vabilo_sem.jpg\" \/>\n\t<meta property=\"og:image:width\" content=\"1476\" \/>\n\t<meta property=\"og:image:height\" content=\"1686\" \/>\n\t<meta property=\"og:image:type\" content=\"image\/jpeg\" \/>\n<meta name=\"author\" content=\"dunjaadmin\" \/>\n<meta name=\"twitter:card\" content=\"summary_large_image\" \/>\n<meta name=\"twitter:label1\" content=\"Written by\" \/>\n\t<meta name=\"twitter:data1\" content=\"dunjaadmin\" \/>\n\t<meta name=\"twitter:label2\" content=\"Est. reading time\" \/>\n\t<meta name=\"twitter:data2\" content=\"2 minutes\" \/>\n<script type=\"application\/ld+json\" class=\"yoast-schema-graph\">{\"@context\":\"https:\\\/\\\/schema.org\",\"@graph\":[{\"@type\":\"Article\",\"@id\":\"https:\\\/\\\/vazcollections.si\\\/en\\\/potujoci-vaz-v-slovenskem-etnografskem-muzeju\\\/#article\",\"isPartOf\":{\"@id\":\"https:\\\/\\\/vazcollections.si\\\/en\\\/potujoci-vaz-v-slovenskem-etnografskem-muzeju\\\/\"},\"author\":{\"name\":\"dunjaadmin\",\"@id\":\"https:\\\/\\\/vazcollections.si\\\/en\\\/#\\\/schema\\\/person\\\/b35be3e5b406383856973ae69198c95e\"},\"headline\":\"Potujo\u010di VAZ v Slovenskem etnografskem muzeju\",\"datePublished\":\"2022-06-20T08:21:33+00:00\",\"dateModified\":\"2025-02-24T10:46:40+00:00\",\"mainEntityOfPage\":{\"@id\":\"https:\\\/\\\/vazcollections.si\\\/en\\\/potujoci-vaz-v-slovenskem-etnografskem-muzeju\\\/\"},\"wordCount\":317,\"image\":{\"@id\":\"https:\\\/\\\/vazcollections.si\\\/en\\\/potujoci-vaz-v-slovenskem-etnografskem-muzeju\\\/#primaryimage\"},\"thumbnailUrl\":\"https:\\\/\\\/vazcollections.si\\\/wp-content\\\/uploads\\\/2022\\\/06\\\/Vabilo_sem.jpg\",\"articleSection\":[\"Exhibitions\",\"News\",\"Public events\"],\"inLanguage\":\"en-US\"},{\"@type\":\"WebPage\",\"@id\":\"https:\\\/\\\/vazcollections.si\\\/en\\\/potujoci-vaz-v-slovenskem-etnografskem-muzeju\\\/\",\"url\":\"https:\\\/\\\/vazcollections.si\\\/en\\\/potujoci-vaz-v-slovenskem-etnografskem-muzeju\\\/\",\"name\":\"Potujo\u010di VAZ v Slovenskem etnografskem muzeju\",\"isPartOf\":{\"@id\":\"https:\\\/\\\/vazcollections.si\\\/en\\\/#website\"},\"primaryImageOfPage\":{\"@id\":\"https:\\\/\\\/vazcollections.si\\\/en\\\/potujoci-vaz-v-slovenskem-etnografskem-muzeju\\\/#primaryimage\"},\"image\":{\"@id\":\"https:\\\/\\\/vazcollections.si\\\/en\\\/potujoci-vaz-v-slovenskem-etnografskem-muzeju\\\/#primaryimage\"},\"thumbnailUrl\":\"https:\\\/\\\/vazcollections.si\\\/wp-content\\\/uploads\\\/2022\\\/06\\\/Vabilo_sem.jpg\",\"datePublished\":\"2022-06-20T08:21:33+00:00\",\"dateModified\":\"2025-02-24T10:46:40+00:00\",\"author\":{\"@id\":\"https:\\\/\\\/vazcollections.si\\\/en\\\/#\\\/schema\\\/person\\\/b35be3e5b406383856973ae69198c95e\"},\"description\":\"Vabimo vas na odprtje panojske razstave\u00a0Potujo\u010di VAZ v torek, 21. junija 2022, ob 11.00\u00a0v Slovenski etnografski muzej (vrt pred Kavarno SEM).\u00a0\",\"breadcrumb\":{\"@id\":\"https:\\\/\\\/vazcollections.si\\\/en\\\/potujoci-vaz-v-slovenskem-etnografskem-muzeju\\\/#breadcrumb\"},\"inLanguage\":\"en-US\",\"potentialAction\":[{\"@type\":\"ReadAction\",\"target\":[\"https:\\\/\\\/vazcollections.si\\\/en\\\/potujoci-vaz-v-slovenskem-etnografskem-muzeju\\\/\"]}]},{\"@type\":\"ImageObject\",\"inLanguage\":\"en-US\",\"@id\":\"https:\\\/\\\/vazcollections.si\\\/en\\\/potujoci-vaz-v-slovenskem-etnografskem-muzeju\\\/#primaryimage\",\"url\":\"https:\\\/\\\/vazcollections.si\\\/wp-content\\\/uploads\\\/2022\\\/06\\\/Vabilo_sem.jpg\",\"contentUrl\":\"https:\\\/\\\/vazcollections.si\\\/wp-content\\\/uploads\\\/2022\\\/06\\\/Vabilo_sem.jpg\",\"width\":1476,\"height\":1686},{\"@type\":\"BreadcrumbList\",\"@id\":\"https:\\\/\\\/vazcollections.si\\\/en\\\/potujoci-vaz-v-slovenskem-etnografskem-muzeju\\\/#breadcrumb\",\"itemListElement\":[{\"@type\":\"ListItem\",\"position\":1,\"name\":\"Home\",\"item\":\"https:\\\/\\\/vazcollections.si\\\/en\\\/\"},{\"@type\":\"ListItem\",\"position\":2,\"name\":\"Potujo\u010di VAZ v Slovenskem etnografskem muzeju\"}]},{\"@type\":\"WebSite\",\"@id\":\"https:\\\/\\\/vazcollections.si\\\/en\\\/#website\",\"url\":\"https:\\\/\\\/vazcollections.si\\\/en\\\/\",\"name\":\"Vzhodnoazijske zbirke v Sloveniji\",\"description\":\"vpetost slovenskega prostora v globalno izmenjavo predmetov in idej z Vzhodno Azijo\",\"potentialAction\":[{\"@type\":\"SearchAction\",\"target\":{\"@type\":\"EntryPoint\",\"urlTemplate\":\"https:\\\/\\\/vazcollections.si\\\/en\\\/?s={search_term_string}\"},\"query-input\":{\"@type\":\"PropertyValueSpecification\",\"valueRequired\":true,\"valueName\":\"search_term_string\"}}],\"inLanguage\":\"en-US\"},{\"@type\":\"Person\",\"@id\":\"https:\\\/\\\/vazcollections.si\\\/en\\\/#\\\/schema\\\/person\\\/b35be3e5b406383856973ae69198c95e\",\"name\":\"dunjaadmin\",\"image\":{\"@type\":\"ImageObject\",\"inLanguage\":\"en-US\",\"@id\":\"https:\\\/\\\/secure.gravatar.com\\\/avatar\\\/9828bd4da52ef11350d2653d9d3ad9aefc23dca76c2b7e3130e96efe508e0808?s=96&d=mm&r=g\",\"url\":\"https:\\\/\\\/secure.gravatar.com\\\/avatar\\\/9828bd4da52ef11350d2653d9d3ad9aefc23dca76c2b7e3130e96efe508e0808?s=96&d=mm&r=g\",\"contentUrl\":\"https:\\\/\\\/secure.gravatar.com\\\/avatar\\\/9828bd4da52ef11350d2653d9d3ad9aefc23dca76c2b7e3130e96efe508e0808?s=96&d=mm&r=g\",\"caption\":\"dunjaadmin\"},\"url\":\"https:\\\/\\\/vazcollections.si\\\/en\\\/author\\\/dunjaadmin\\\/\"}]}<\/script>\n<!-- \/ Yoast SEO plugin. -->","yoast_head_json":{"title":"Potujo\u010di VAZ v Slovenskem etnografskem muzeju","description":"Vabimo vas na odprtje panojske razstave\u00a0Potujo\u010di VAZ v torek, 21. junija 2022, ob 11.00\u00a0v Slovenski etnografski muzej (vrt pred Kavarno SEM).\u00a0","robots":{"index":"index","follow":"follow","max-snippet":"max-snippet:-1","max-image-preview":"max-image-preview:large","max-video-preview":"max-video-preview:-1"},"canonical":"https:\/\/vazcollections.si\/en\/potujoci-vaz-v-slovenskem-etnografskem-muzeju\/","og_locale":"en_US","og_type":"article","og_title":"Potujo\u010di VAZ v Slovenskem etnografskem muzeju","og_description":"Vabimo vas na odprtje panojske razstave\u00a0Potujo\u010di VAZ v torek, 21. junija 2022, ob 11.00\u00a0v Slovenski etnografski muzej (vrt pred Kavarno SEM).\u00a0","og_url":"https:\/\/vazcollections.si\/en\/potujoci-vaz-v-slovenskem-etnografskem-muzeju\/","og_site_name":"Vzhodnoazijske zbirke v Sloveniji","article_published_time":"2022-06-20T08:21:33+00:00","article_modified_time":"2025-02-24T10:46:40+00:00","og_image":[{"width":1476,"height":1686,"url":"https:\/\/vazcollections.si\/wp-content\/uploads\/2022\/06\/Vabilo_sem.jpg","type":"image\/jpeg"}],"author":"dunjaadmin","twitter_card":"summary_large_image","twitter_misc":{"Written by":"dunjaadmin","Est. reading time":"2 minutes"},"schema":{"@context":"https:\/\/schema.org","@graph":[{"@type":"Article","@id":"https:\/\/vazcollections.si\/en\/potujoci-vaz-v-slovenskem-etnografskem-muzeju\/#article","isPartOf":{"@id":"https:\/\/vazcollections.si\/en\/potujoci-vaz-v-slovenskem-etnografskem-muzeju\/"},"author":{"name":"dunjaadmin","@id":"https:\/\/vazcollections.si\/en\/#\/schema\/person\/b35be3e5b406383856973ae69198c95e"},"headline":"Potujo\u010di VAZ v Slovenskem etnografskem muzeju","datePublished":"2022-06-20T08:21:33+00:00","dateModified":"2025-02-24T10:46:40+00:00","mainEntityOfPage":{"@id":"https:\/\/vazcollections.si\/en\/potujoci-vaz-v-slovenskem-etnografskem-muzeju\/"},"wordCount":317,"image":{"@id":"https:\/\/vazcollections.si\/en\/potujoci-vaz-v-slovenskem-etnografskem-muzeju\/#primaryimage"},"thumbnailUrl":"https:\/\/vazcollections.si\/wp-content\/uploads\/2022\/06\/Vabilo_sem.jpg","articleSection":["Exhibitions","News","Public events"],"inLanguage":"en-US"},{"@type":"WebPage","@id":"https:\/\/vazcollections.si\/en\/potujoci-vaz-v-slovenskem-etnografskem-muzeju\/","url":"https:\/\/vazcollections.si\/en\/potujoci-vaz-v-slovenskem-etnografskem-muzeju\/","name":"Potujo\u010di VAZ v Slovenskem etnografskem muzeju","isPartOf":{"@id":"https:\/\/vazcollections.si\/en\/#website"},"primaryImageOfPage":{"@id":"https:\/\/vazcollections.si\/en\/potujoci-vaz-v-slovenskem-etnografskem-muzeju\/#primaryimage"},"image":{"@id":"https:\/\/vazcollections.si\/en\/potujoci-vaz-v-slovenskem-etnografskem-muzeju\/#primaryimage"},"thumbnailUrl":"https:\/\/vazcollections.si\/wp-content\/uploads\/2022\/06\/Vabilo_sem.jpg","datePublished":"2022-06-20T08:21:33+00:00","dateModified":"2025-02-24T10:46:40+00:00","author":{"@id":"https:\/\/vazcollections.si\/en\/#\/schema\/person\/b35be3e5b406383856973ae69198c95e"},"description":"Vabimo vas na odprtje panojske razstave\u00a0Potujo\u010di VAZ v torek, 21. junija 2022, ob 11.00\u00a0v Slovenski etnografski muzej (vrt pred Kavarno SEM).\u00a0","breadcrumb":{"@id":"https:\/\/vazcollections.si\/en\/potujoci-vaz-v-slovenskem-etnografskem-muzeju\/#breadcrumb"},"inLanguage":"en-US","potentialAction":[{"@type":"ReadAction","target":["https:\/\/vazcollections.si\/en\/potujoci-vaz-v-slovenskem-etnografskem-muzeju\/"]}]},{"@type":"ImageObject","inLanguage":"en-US","@id":"https:\/\/vazcollections.si\/en\/potujoci-vaz-v-slovenskem-etnografskem-muzeju\/#primaryimage","url":"https:\/\/vazcollections.si\/wp-content\/uploads\/2022\/06\/Vabilo_sem.jpg","contentUrl":"https:\/\/vazcollections.si\/wp-content\/uploads\/2022\/06\/Vabilo_sem.jpg","width":1476,"height":1686},{"@type":"BreadcrumbList","@id":"https:\/\/vazcollections.si\/en\/potujoci-vaz-v-slovenskem-etnografskem-muzeju\/#breadcrumb","itemListElement":[{"@type":"ListItem","position":1,"name":"Home","item":"https:\/\/vazcollections.si\/en\/"},{"@type":"ListItem","position":2,"name":"Potujo\u010di VAZ v Slovenskem etnografskem muzeju"}]},{"@type":"WebSite","@id":"https:\/\/vazcollections.si\/en\/#website","url":"https:\/\/vazcollections.si\/en\/","name":"Vzhodnoazijske zbirke v Sloveniji","description":"vpetost slovenskega prostora v globalno izmenjavo predmetov in idej z Vzhodno Azijo","potentialAction":[{"@type":"SearchAction","target":{"@type":"EntryPoint","urlTemplate":"https:\/\/vazcollections.si\/en\/?s={search_term_string}"},"query-input":{"@type":"PropertyValueSpecification","valueRequired":true,"valueName":"search_term_string"}}],"inLanguage":"en-US"},{"@type":"Person","@id":"https:\/\/vazcollections.si\/en\/#\/schema\/person\/b35be3e5b406383856973ae69198c95e","name":"dunjaadmin","image":{"@type":"ImageObject","inLanguage":"en-US","@id":"https:\/\/secure.gravatar.com\/avatar\/9828bd4da52ef11350d2653d9d3ad9aefc23dca76c2b7e3130e96efe508e0808?s=96&d=mm&r=g","url":"https:\/\/secure.gravatar.com\/avatar\/9828bd4da52ef11350d2653d9d3ad9aefc23dca76c2b7e3130e96efe508e0808?s=96&d=mm&r=g","contentUrl":"https:\/\/secure.gravatar.com\/avatar\/9828bd4da52ef11350d2653d9d3ad9aefc23dca76c2b7e3130e96efe508e0808?s=96&d=mm&r=g","caption":"dunjaadmin"},"url":"https:\/\/vazcollections.si\/en\/author\/dunjaadmin\/"}]}},"_links":{"self":[{"href":"https:\/\/vazcollections.si\/en\/wp-json\/wp\/v2\/posts\/21726","targetHints":{"allow":["GET"]}}],"collection":[{"href":"https:\/\/vazcollections.si\/en\/wp-json\/wp\/v2\/posts"}],"about":[{"href":"https:\/\/vazcollections.si\/en\/wp-json\/wp\/v2\/types\/post"}],"author":[{"embeddable":true,"href":"https:\/\/vazcollections.si\/en\/wp-json\/wp\/v2\/users\/5"}],"replies":[{"embeddable":true,"href":"https:\/\/vazcollections.si\/en\/wp-json\/wp\/v2\/comments?post=21726"}],"version-history":[{"count":1,"href":"https:\/\/vazcollections.si\/en\/wp-json\/wp\/v2\/posts\/21726\/revisions"}],"predecessor-version":[{"id":24811,"href":"https:\/\/vazcollections.si\/en\/wp-json\/wp\/v2\/posts\/21726\/revisions\/24811"}],"wp:featuredmedia":[{"embeddable":true,"href":"https:\/\/vazcollections.si\/en\/wp-json\/wp\/v2\/media\/21727"}],"wp:attachment":[{"href":"https:\/\/vazcollections.si\/en\/wp-json\/wp\/v2\/media?parent=21726"}],"wp:term":[{"taxonomy":"category","embeddable":true,"href":"https:\/\/vazcollections.si\/en\/wp-json\/wp\/v2\/categories?post=21726"}],"curies":[{"name":"wp","href":"https:\/\/api.w.org\/{rel}","templated":true}]}}