{"id":21691,"date":"2023-07-11T08:55:28","date_gmt":"2023-07-11T06:55:28","guid":{"rendered":"https:\/\/vazcollections.si\/potujoci-vaz-vzhodnoazijske-zbirke-v-sloveniji-na-gradu-sneznik\/"},"modified":"2025-02-24T11:06:49","modified_gmt":"2025-02-24T10:06:49","slug":"potujoci-vaz-vzhodnoazijske-zbirke-v-sloveniji-na-gradu-sneznik","status":"publish","type":"post","link":"https:\/\/vazcollections.si\/en\/potujoci-vaz-vzhodnoazijske-zbirke-v-sloveniji-na-gradu-sneznik\/","title":{"rendered":"Potujo\u010di VAZ | Vzhodnoazijske zbirke v Sloveniji na gradu Sne\u017enik"},"content":{"rendered":"<p>V <strong>torek, 4. julija 2023<\/strong>, je v okviru delavnice <a href=\"https:\/\/vazcollections.si\/en\/druga-nacionalna-delavnica-vzhodnoazijski-predmeti-na-slovenskih-gradovih-in-dvorcih\/?preview=true\"><em>Vzhodnoazijski predmeti na slovenskih gradovih in dvorcih<\/em><\/a> na <strong>gradu Sne\u017enik<\/strong> potekalo tudi <strong>odprtje potujo\u010de razstave<\/strong> <em>Vzhodnoazijske zbirke v Sloveniji.<\/em><\/p>\n<p>Panojska razstava VAZ, ki je pred tem gostovala na \u0160kofijski gimnaziji Antona Martina Slom\u0161ka, predstavlja pet vzhodnoazijskih zbirk v razli\u010dnih slovenskih muzejih.<\/p>\n<p><strong>Ogled razstave bo za vse obiskovalce grada Sne\u017enik mo\u017een do septembra 2023<\/strong>.<\/p>\n<p>&nbsp;<\/p>\n<div id='gallery-1' class='gallery galleryid-21691 gallery-columns-3 gallery-size-thumbnail'><figure class='gallery-item'>\n\t\t\t<div class='gallery-icon landscape'>\n\t\t\t\t<a href='https:\/\/vazcollections.si\/wp-content\/uploads\/2023\/07\/Potujoci-VAZ-na-gradu-Sneznik-2.jpg'><img loading=\"lazy\" decoding=\"async\" width=\"150\" height=\"150\" src=\"https:\/\/vazcollections.si\/wp-content\/uploads\/2023\/07\/Potujoci-VAZ-na-gradu-Sneznik-2-150x150.jpg\" class=\"attachment-thumbnail size-thumbnail\" alt=\"\" \/><\/a>\n\t\t\t<\/div><\/figure><figure class='gallery-item'>\n\t\t\t<div class='gallery-icon landscape'>\n\t\t\t\t<a href='https:\/\/vazcollections.si\/wp-content\/uploads\/2023\/07\/Potujoci-VAZ-na-gradu-Sneznik-4.jpg'><img loading=\"lazy\" decoding=\"async\" width=\"150\" height=\"150\" src=\"https:\/\/vazcollections.si\/wp-content\/uploads\/2023\/07\/Potujoci-VAZ-na-gradu-Sneznik-4-150x150.jpg\" class=\"attachment-thumbnail size-thumbnail\" alt=\"\" \/><\/a>\n\t\t\t<\/div><\/figure><figure class='gallery-item'>\n\t\t\t<div class='gallery-icon landscape'>\n\t\t\t\t<a href='https:\/\/vazcollections.si\/wp-content\/uploads\/2023\/07\/Potujoci-VAZ-na-gradu-Sneznik-6.jpg'><img loading=\"lazy\" decoding=\"async\" width=\"150\" height=\"150\" src=\"https:\/\/vazcollections.si\/wp-content\/uploads\/2023\/07\/Potujoci-VAZ-na-gradu-Sneznik-6-150x150.jpg\" class=\"attachment-thumbnail size-thumbnail\" alt=\"\" \/><\/a>\n\t\t\t<\/div><\/figure><figure class='gallery-item'>\n\t\t\t<div class='gallery-icon landscape'>\n\t\t\t\t<a href='https:\/\/vazcollections.si\/wp-content\/uploads\/2023\/07\/Potujoci-VAZ-na-gradu-Sneznik-5.jpg'><img loading=\"lazy\" decoding=\"async\" width=\"150\" height=\"150\" src=\"https:\/\/vazcollections.si\/wp-content\/uploads\/2023\/07\/Potujoci-VAZ-na-gradu-Sneznik-5-150x150.jpg\" class=\"attachment-thumbnail size-thumbnail\" alt=\"\" \/><\/a>\n\t\t\t<\/div><\/figure>\n\t\t<\/div>\n\n","protected":false},"excerpt":{"rendered":"<p>V torek, 4. julija 2023, je v okviru delavnice Vzhodnoazijski predmeti na slovenskih gradovih in dvorcih na gradu Sne\u017enik potekalo tudi odprtje potujo\u010de razstave Vzhodnoazijske zbirke v Sloveniji. Panojska razstava VAZ, ki je pred tem gostovala na \u0160kofijski gimnaziji Antona Martina Slom\u0161ka, predstavlja pet vzhodnoazijskih zbirk v razli\u010dnih slovenskih muzejih. Ogled razstave bo za vse &#8230; <\/p>\n","protected":false},"author":9,"featured_media":21692,"comment_status":"closed","ping_status":"closed","sticky":false,"template":"","format":"standard","meta":{"_acf_changed":false,"inline_featured_image":false,"footnotes":""},"categories":[338,340,513],"class_list":["post-21691","post","type-post","status-publish","format-standard","has-post-thumbnail","hentry","category-exhibition","category-news","category-public-events"],"acf":[],"yoast_head":"<!-- This site is optimized with the Yoast SEO plugin v27.4 - https:\/\/yoast.com\/product\/yoast-seo-wordpress\/ -->\n<title>Potujo\u010di VAZ | Vzhodnoazijske zbirke v Sloveniji na gradu Sne\u017enik - Vzhodnoazijske zbirke v Sloveniji<\/title>\n<meta name=\"robots\" content=\"index, follow, max-snippet:-1, max-image-preview:large, max-video-preview:-1\" \/>\n<link rel=\"canonical\" href=\"https:\/\/vazcollections.si\/en\/potujoci-vaz-vzhodnoazijske-zbirke-v-sloveniji-na-gradu-sneznik\/\" \/>\n<meta property=\"og:locale\" content=\"en_US\" \/>\n<meta property=\"og:type\" content=\"article\" \/>\n<meta property=\"og:title\" content=\"Potujo\u010di VAZ | Vzhodnoazijske zbirke v Sloveniji na gradu Sne\u017enik - Vzhodnoazijske zbirke v Sloveniji\" \/>\n<meta property=\"og:description\" content=\"V torek, 4. julija 2023, je v okviru delavnice Vzhodnoazijski predmeti na slovenskih gradovih in dvorcih na gradu Sne\u017enik potekalo tudi odprtje potujo\u010de razstave Vzhodnoazijske zbirke v Sloveniji. Panojska razstava VAZ, ki je pred tem gostovala na \u0160kofijski gimnaziji Antona Martina Slom\u0161ka, predstavlja pet vzhodnoazijskih zbirk v razli\u010dnih slovenskih muzejih. Ogled razstave bo za vse ...\" \/>\n<meta property=\"og:url\" content=\"https:\/\/vazcollections.si\/en\/potujoci-vaz-vzhodnoazijske-zbirke-v-sloveniji-na-gradu-sneznik\/\" \/>\n<meta property=\"og:site_name\" content=\"Vzhodnoazijske zbirke v Sloveniji\" \/>\n<meta property=\"article:published_time\" content=\"2023-07-11T06:55:28+00:00\" \/>\n<meta property=\"article:modified_time\" content=\"2025-02-24T10:06:49+00:00\" \/>\n<meta property=\"og:image\" content=\"https:\/\/vazcollections.si\/wp-content\/uploads\/2023\/07\/Potujoci-VAZ-na-gradu-Sneznik-1.jpg\" \/>\n\t<meta property=\"og:image:width\" content=\"1920\" \/>\n\t<meta property=\"og:image:height\" content=\"1440\" \/>\n\t<meta property=\"og:image:type\" content=\"image\/jpeg\" \/>\n<meta name=\"author\" content=\"marko-ogrizek-FF\" \/>\n<meta name=\"twitter:card\" content=\"summary_large_image\" \/>\n<meta name=\"twitter:label1\" content=\"Written by\" \/>\n\t<meta name=\"twitter:data1\" content=\"marko-ogrizek-FF\" \/>\n\t<meta name=\"twitter:label2\" content=\"Est. reading time\" \/>\n\t<meta name=\"twitter:data2\" content=\"1 minute\" \/>\n<script type=\"application\/ld+json\" class=\"yoast-schema-graph\">{\"@context\":\"https:\\\/\\\/schema.org\",\"@graph\":[{\"@type\":\"Article\",\"@id\":\"https:\\\/\\\/vazcollections.si\\\/en\\\/potujoci-vaz-vzhodnoazijske-zbirke-v-sloveniji-na-gradu-sneznik\\\/#article\",\"isPartOf\":{\"@id\":\"https:\\\/\\\/vazcollections.si\\\/en\\\/potujoci-vaz-vzhodnoazijske-zbirke-v-sloveniji-na-gradu-sneznik\\\/\"},\"author\":{\"name\":\"marko-ogrizek-FF\",\"@id\":\"https:\\\/\\\/vazcollections.si\\\/en\\\/#\\\/schema\\\/person\\\/209af65abc1af6868ea76cad7787ccb9\"},\"headline\":\"Potujo\u010di VAZ | Vzhodnoazijske zbirke v Sloveniji na gradu Sne\u017enik\",\"datePublished\":\"2023-07-11T06:55:28+00:00\",\"dateModified\":\"2025-02-24T10:06:49+00:00\",\"mainEntityOfPage\":{\"@id\":\"https:\\\/\\\/vazcollections.si\\\/en\\\/potujoci-vaz-vzhodnoazijske-zbirke-v-sloveniji-na-gradu-sneznik\\\/\"},\"wordCount\":79,\"image\":{\"@id\":\"https:\\\/\\\/vazcollections.si\\\/en\\\/potujoci-vaz-vzhodnoazijske-zbirke-v-sloveniji-na-gradu-sneznik\\\/#primaryimage\"},\"thumbnailUrl\":\"https:\\\/\\\/vazcollections.si\\\/wp-content\\\/uploads\\\/2023\\\/07\\\/Potujoci-VAZ-na-gradu-Sneznik-1.jpg\",\"articleSection\":[\"Exhibitions\",\"News\",\"Public events\"],\"inLanguage\":\"en-US\"},{\"@type\":\"WebPage\",\"@id\":\"https:\\\/\\\/vazcollections.si\\\/en\\\/potujoci-vaz-vzhodnoazijske-zbirke-v-sloveniji-na-gradu-sneznik\\\/\",\"url\":\"https:\\\/\\\/vazcollections.si\\\/en\\\/potujoci-vaz-vzhodnoazijske-zbirke-v-sloveniji-na-gradu-sneznik\\\/\",\"name\":\"Potujo\u010di VAZ | Vzhodnoazijske zbirke v Sloveniji na gradu Sne\u017enik - Vzhodnoazijske zbirke v Sloveniji\",\"isPartOf\":{\"@id\":\"https:\\\/\\\/vazcollections.si\\\/en\\\/#website\"},\"primaryImageOfPage\":{\"@id\":\"https:\\\/\\\/vazcollections.si\\\/en\\\/potujoci-vaz-vzhodnoazijske-zbirke-v-sloveniji-na-gradu-sneznik\\\/#primaryimage\"},\"image\":{\"@id\":\"https:\\\/\\\/vazcollections.si\\\/en\\\/potujoci-vaz-vzhodnoazijske-zbirke-v-sloveniji-na-gradu-sneznik\\\/#primaryimage\"},\"thumbnailUrl\":\"https:\\\/\\\/vazcollections.si\\\/wp-content\\\/uploads\\\/2023\\\/07\\\/Potujoci-VAZ-na-gradu-Sneznik-1.jpg\",\"datePublished\":\"2023-07-11T06:55:28+00:00\",\"dateModified\":\"2025-02-24T10:06:49+00:00\",\"author\":{\"@id\":\"https:\\\/\\\/vazcollections.si\\\/en\\\/#\\\/schema\\\/person\\\/209af65abc1af6868ea76cad7787ccb9\"},\"breadcrumb\":{\"@id\":\"https:\\\/\\\/vazcollections.si\\\/en\\\/potujoci-vaz-vzhodnoazijske-zbirke-v-sloveniji-na-gradu-sneznik\\\/#breadcrumb\"},\"inLanguage\":\"en-US\",\"potentialAction\":[{\"@type\":\"ReadAction\",\"target\":[\"https:\\\/\\\/vazcollections.si\\\/en\\\/potujoci-vaz-vzhodnoazijske-zbirke-v-sloveniji-na-gradu-sneznik\\\/\"]}]},{\"@type\":\"ImageObject\",\"inLanguage\":\"en-US\",\"@id\":\"https:\\\/\\\/vazcollections.si\\\/en\\\/potujoci-vaz-vzhodnoazijske-zbirke-v-sloveniji-na-gradu-sneznik\\\/#primaryimage\",\"url\":\"https:\\\/\\\/vazcollections.si\\\/wp-content\\\/uploads\\\/2023\\\/07\\\/Potujoci-VAZ-na-gradu-Sneznik-1.jpg\",\"contentUrl\":\"https:\\\/\\\/vazcollections.si\\\/wp-content\\\/uploads\\\/2023\\\/07\\\/Potujoci-VAZ-na-gradu-Sneznik-1.jpg\",\"width\":1920,\"height\":1440},{\"@type\":\"BreadcrumbList\",\"@id\":\"https:\\\/\\\/vazcollections.si\\\/en\\\/potujoci-vaz-vzhodnoazijske-zbirke-v-sloveniji-na-gradu-sneznik\\\/#breadcrumb\",\"itemListElement\":[{\"@type\":\"ListItem\",\"position\":1,\"name\":\"Home\",\"item\":\"https:\\\/\\\/vazcollections.si\\\/en\\\/\"},{\"@type\":\"ListItem\",\"position\":2,\"name\":\"Potujo\u010di VAZ | Vzhodnoazijske zbirke v Sloveniji na gradu Sne\u017enik\"}]},{\"@type\":\"WebSite\",\"@id\":\"https:\\\/\\\/vazcollections.si\\\/en\\\/#website\",\"url\":\"https:\\\/\\\/vazcollections.si\\\/en\\\/\",\"name\":\"Vzhodnoazijske zbirke v Sloveniji\",\"description\":\"vpetost slovenskega prostora v globalno izmenjavo predmetov in idej z Vzhodno Azijo\",\"potentialAction\":[{\"@type\":\"SearchAction\",\"target\":{\"@type\":\"EntryPoint\",\"urlTemplate\":\"https:\\\/\\\/vazcollections.si\\\/en\\\/?s={search_term_string}\"},\"query-input\":{\"@type\":\"PropertyValueSpecification\",\"valueRequired\":true,\"valueName\":\"search_term_string\"}}],\"inLanguage\":\"en-US\"},{\"@type\":\"Person\",\"@id\":\"https:\\\/\\\/vazcollections.si\\\/en\\\/#\\\/schema\\\/person\\\/209af65abc1af6868ea76cad7787ccb9\",\"name\":\"marko-ogrizek-FF\",\"image\":{\"@type\":\"ImageObject\",\"inLanguage\":\"en-US\",\"@id\":\"https:\\\/\\\/secure.gravatar.com\\\/avatar\\\/4eb5ca59d1cf59fa8ed65c60a5a3a00b4157d08e7c27c741be6e0cf3e4b491f6?s=96&d=mm&r=g\",\"url\":\"https:\\\/\\\/secure.gravatar.com\\\/avatar\\\/4eb5ca59d1cf59fa8ed65c60a5a3a00b4157d08e7c27c741be6e0cf3e4b491f6?s=96&d=mm&r=g\",\"contentUrl\":\"https:\\\/\\\/secure.gravatar.com\\\/avatar\\\/4eb5ca59d1cf59fa8ed65c60a5a3a00b4157d08e7c27c741be6e0cf3e4b491f6?s=96&d=mm&r=g\",\"caption\":\"marko-ogrizek-FF\"},\"url\":\"https:\\\/\\\/vazcollections.si\\\/en\\\/author\\\/marko-ogrizek-ff\\\/\"}]}<\/script>\n<!-- \/ Yoast SEO plugin. -->","yoast_head_json":{"title":"Potujo\u010di VAZ | Vzhodnoazijske zbirke v Sloveniji na gradu Sne\u017enik - Vzhodnoazijske zbirke v Sloveniji","robots":{"index":"index","follow":"follow","max-snippet":"max-snippet:-1","max-image-preview":"max-image-preview:large","max-video-preview":"max-video-preview:-1"},"canonical":"https:\/\/vazcollections.si\/en\/potujoci-vaz-vzhodnoazijske-zbirke-v-sloveniji-na-gradu-sneznik\/","og_locale":"en_US","og_type":"article","og_title":"Potujo\u010di VAZ | Vzhodnoazijske zbirke v Sloveniji na gradu Sne\u017enik - Vzhodnoazijske zbirke v Sloveniji","og_description":"V torek, 4. julija 2023, je v okviru delavnice Vzhodnoazijski predmeti na slovenskih gradovih in dvorcih na gradu Sne\u017enik potekalo tudi odprtje potujo\u010de razstave Vzhodnoazijske zbirke v Sloveniji. Panojska razstava VAZ, ki je pred tem gostovala na \u0160kofijski gimnaziji Antona Martina Slom\u0161ka, predstavlja pet vzhodnoazijskih zbirk v razli\u010dnih slovenskih muzejih. Ogled razstave bo za vse ...","og_url":"https:\/\/vazcollections.si\/en\/potujoci-vaz-vzhodnoazijske-zbirke-v-sloveniji-na-gradu-sneznik\/","og_site_name":"Vzhodnoazijske zbirke v Sloveniji","article_published_time":"2023-07-11T06:55:28+00:00","article_modified_time":"2025-02-24T10:06:49+00:00","og_image":[{"width":1920,"height":1440,"url":"https:\/\/vazcollections.si\/wp-content\/uploads\/2023\/07\/Potujoci-VAZ-na-gradu-Sneznik-1.jpg","type":"image\/jpeg"}],"author":"marko-ogrizek-FF","twitter_card":"summary_large_image","twitter_misc":{"Written by":"marko-ogrizek-FF","Est. reading time":"1 minute"},"schema":{"@context":"https:\/\/schema.org","@graph":[{"@type":"Article","@id":"https:\/\/vazcollections.si\/en\/potujoci-vaz-vzhodnoazijske-zbirke-v-sloveniji-na-gradu-sneznik\/#article","isPartOf":{"@id":"https:\/\/vazcollections.si\/en\/potujoci-vaz-vzhodnoazijske-zbirke-v-sloveniji-na-gradu-sneznik\/"},"author":{"name":"marko-ogrizek-FF","@id":"https:\/\/vazcollections.si\/en\/#\/schema\/person\/209af65abc1af6868ea76cad7787ccb9"},"headline":"Potujo\u010di VAZ | Vzhodnoazijske zbirke v Sloveniji na gradu Sne\u017enik","datePublished":"2023-07-11T06:55:28+00:00","dateModified":"2025-02-24T10:06:49+00:00","mainEntityOfPage":{"@id":"https:\/\/vazcollections.si\/en\/potujoci-vaz-vzhodnoazijske-zbirke-v-sloveniji-na-gradu-sneznik\/"},"wordCount":79,"image":{"@id":"https:\/\/vazcollections.si\/en\/potujoci-vaz-vzhodnoazijske-zbirke-v-sloveniji-na-gradu-sneznik\/#primaryimage"},"thumbnailUrl":"https:\/\/vazcollections.si\/wp-content\/uploads\/2023\/07\/Potujoci-VAZ-na-gradu-Sneznik-1.jpg","articleSection":["Exhibitions","News","Public events"],"inLanguage":"en-US"},{"@type":"WebPage","@id":"https:\/\/vazcollections.si\/en\/potujoci-vaz-vzhodnoazijske-zbirke-v-sloveniji-na-gradu-sneznik\/","url":"https:\/\/vazcollections.si\/en\/potujoci-vaz-vzhodnoazijske-zbirke-v-sloveniji-na-gradu-sneznik\/","name":"Potujo\u010di VAZ | Vzhodnoazijske zbirke v Sloveniji na gradu Sne\u017enik - Vzhodnoazijske zbirke v Sloveniji","isPartOf":{"@id":"https:\/\/vazcollections.si\/en\/#website"},"primaryImageOfPage":{"@id":"https:\/\/vazcollections.si\/en\/potujoci-vaz-vzhodnoazijske-zbirke-v-sloveniji-na-gradu-sneznik\/#primaryimage"},"image":{"@id":"https:\/\/vazcollections.si\/en\/potujoci-vaz-vzhodnoazijske-zbirke-v-sloveniji-na-gradu-sneznik\/#primaryimage"},"thumbnailUrl":"https:\/\/vazcollections.si\/wp-content\/uploads\/2023\/07\/Potujoci-VAZ-na-gradu-Sneznik-1.jpg","datePublished":"2023-07-11T06:55:28+00:00","dateModified":"2025-02-24T10:06:49+00:00","author":{"@id":"https:\/\/vazcollections.si\/en\/#\/schema\/person\/209af65abc1af6868ea76cad7787ccb9"},"breadcrumb":{"@id":"https:\/\/vazcollections.si\/en\/potujoci-vaz-vzhodnoazijske-zbirke-v-sloveniji-na-gradu-sneznik\/#breadcrumb"},"inLanguage":"en-US","potentialAction":[{"@type":"ReadAction","target":["https:\/\/vazcollections.si\/en\/potujoci-vaz-vzhodnoazijske-zbirke-v-sloveniji-na-gradu-sneznik\/"]}]},{"@type":"ImageObject","inLanguage":"en-US","@id":"https:\/\/vazcollections.si\/en\/potujoci-vaz-vzhodnoazijske-zbirke-v-sloveniji-na-gradu-sneznik\/#primaryimage","url":"https:\/\/vazcollections.si\/wp-content\/uploads\/2023\/07\/Potujoci-VAZ-na-gradu-Sneznik-1.jpg","contentUrl":"https:\/\/vazcollections.si\/wp-content\/uploads\/2023\/07\/Potujoci-VAZ-na-gradu-Sneznik-1.jpg","width":1920,"height":1440},{"@type":"BreadcrumbList","@id":"https:\/\/vazcollections.si\/en\/potujoci-vaz-vzhodnoazijske-zbirke-v-sloveniji-na-gradu-sneznik\/#breadcrumb","itemListElement":[{"@type":"ListItem","position":1,"name":"Home","item":"https:\/\/vazcollections.si\/en\/"},{"@type":"ListItem","position":2,"name":"Potujo\u010di VAZ | Vzhodnoazijske zbirke v Sloveniji na gradu Sne\u017enik"}]},{"@type":"WebSite","@id":"https:\/\/vazcollections.si\/en\/#website","url":"https:\/\/vazcollections.si\/en\/","name":"Vzhodnoazijske zbirke v Sloveniji","description":"vpetost slovenskega prostora v globalno izmenjavo predmetov in idej z Vzhodno Azijo","potentialAction":[{"@type":"SearchAction","target":{"@type":"EntryPoint","urlTemplate":"https:\/\/vazcollections.si\/en\/?s={search_term_string}"},"query-input":{"@type":"PropertyValueSpecification","valueRequired":true,"valueName":"search_term_string"}}],"inLanguage":"en-US"},{"@type":"Person","@id":"https:\/\/vazcollections.si\/en\/#\/schema\/person\/209af65abc1af6868ea76cad7787ccb9","name":"marko-ogrizek-FF","image":{"@type":"ImageObject","inLanguage":"en-US","@id":"https:\/\/secure.gravatar.com\/avatar\/4eb5ca59d1cf59fa8ed65c60a5a3a00b4157d08e7c27c741be6e0cf3e4b491f6?s=96&d=mm&r=g","url":"https:\/\/secure.gravatar.com\/avatar\/4eb5ca59d1cf59fa8ed65c60a5a3a00b4157d08e7c27c741be6e0cf3e4b491f6?s=96&d=mm&r=g","contentUrl":"https:\/\/secure.gravatar.com\/avatar\/4eb5ca59d1cf59fa8ed65c60a5a3a00b4157d08e7c27c741be6e0cf3e4b491f6?s=96&d=mm&r=g","caption":"marko-ogrizek-FF"},"url":"https:\/\/vazcollections.si\/en\/author\/marko-ogrizek-ff\/"}]}},"_links":{"self":[{"href":"https:\/\/vazcollections.si\/en\/wp-json\/wp\/v2\/posts\/21691","targetHints":{"allow":["GET"]}}],"collection":[{"href":"https:\/\/vazcollections.si\/en\/wp-json\/wp\/v2\/posts"}],"about":[{"href":"https:\/\/vazcollections.si\/en\/wp-json\/wp\/v2\/types\/post"}],"author":[{"embeddable":true,"href":"https:\/\/vazcollections.si\/en\/wp-json\/wp\/v2\/users\/9"}],"replies":[{"embeddable":true,"href":"https:\/\/vazcollections.si\/en\/wp-json\/wp\/v2\/comments?post=21691"}],"version-history":[{"count":2,"href":"https:\/\/vazcollections.si\/en\/wp-json\/wp\/v2\/posts\/21691\/revisions"}],"predecessor-version":[{"id":26314,"href":"https:\/\/vazcollections.si\/en\/wp-json\/wp\/v2\/posts\/21691\/revisions\/26314"}],"wp:featuredmedia":[{"embeddable":true,"href":"https:\/\/vazcollections.si\/en\/wp-json\/wp\/v2\/media\/21692"}],"wp:attachment":[{"href":"https:\/\/vazcollections.si\/en\/wp-json\/wp\/v2\/media?parent=21691"}],"wp:term":[{"taxonomy":"category","embeddable":true,"href":"https:\/\/vazcollections.si\/en\/wp-json\/wp\/v2\/categories?post=21691"}],"curies":[{"name":"wp","href":"https:\/\/api.w.org\/{rel}","templated":true}]}}