{"id":21688,"date":"2023-07-11T08:55:35","date_gmt":"2023-07-11T06:55:35","guid":{"rendered":"https:\/\/vazcollections.si\/druga-nacionalna-delavnica-vzhodnoazijski-predmeti-na-slovenskih-gradovih-in-dvorcih\/"},"modified":"2026-03-23T15:24:18","modified_gmt":"2026-03-23T14:24:18","slug":"druga-nacionalna-delavnica-vzhodnoazijski-predmeti-na-slovenskih-gradovih-in-dvorcih","status":"publish","type":"post","link":"https:\/\/vazcollections.si\/en\/druga-nacionalna-delavnica-vzhodnoazijski-predmeti-na-slovenskih-gradovih-in-dvorcih\/","title":{"rendered":"Druga nacionalna delavnica Vzhodnoazijski predmeti na slovenskih gradovih in dvorcih"},"content":{"rendered":"<p>V okviru projekta <em>Osiroteli predmeti: obravnava vzhodnoazijskih predmetov izven organiziranih zbirateljskih praks v slovenskem prostoru <\/em>(J6-3133), ki ga finan\u010dno podpira ARIS, je v <strong>torek, 4. 7. 2023 <\/strong>na<strong> gradu Sne\u017enik<\/strong> potekala <strong>druga nacionalna delavnica<\/strong> z naslovom <em>Vzhodnoazijski predmeti na slovenskih gradovih in dvorcih<\/em>.<\/p>\n<p>Prvi del delavnice je bil posve\u010den obravnavi in pregledu vzhodnoazijskih predmetov na gradu Sne\u017enik in drugih gradovih ter dvorcih. V drugem delu delavnice pa smo se osredoto\u010dili na zaplenjene predmete ter posebej obravnavali problematiko raziskovanja provenience tovrstne dedi\u0161\u010dine.<\/p>\n<p>Ob tej prilo\u017enosti pa smo na gradu Sne\u017enik odprli tudi <a href=\"https:\/\/vazcollections.si\/en\/potujoci-vaz-vzhodnoazijske-zbirke-v-sloveniji-na-gradu-sneznik\/?preview=true\">panojsko razstavo Potujo\u010di VAZ<\/a>.<\/p>\n<p><strong><a href=\"https:\/\/vazcollections.si\/wp-content\/uploads\/2023\/07\/Program_Nacionalna-delavnica-2023_Grad-Sneznik.pdf\" target=\"_blank\" rel=\"noopener\">Program delavnice<\/a><\/strong><\/p>\n<p>&nbsp;<\/p>\n<div id='gallery-1' class='gallery galleryid-21688 gallery-columns-3 gallery-size-thumbnail'><figure class='gallery-item'>\n\t\t\t<div class='gallery-icon landscape'>\n\t\t\t\t<a href='https:\/\/vazcollections.si\/wp-content\/uploads\/2023\/07\/Delavnica-na-gradu-Sneznik-2.jpg'><img loading=\"lazy\" decoding=\"async\" width=\"150\" height=\"150\" src=\"https:\/\/vazcollections.si\/wp-content\/uploads\/2023\/07\/Delavnica-na-gradu-Sneznik-2-150x150.jpg\" class=\"attachment-thumbnail size-thumbnail\" alt=\"\" \/><\/a>\n\t\t\t<\/div><\/figure><figure class='gallery-item'>\n\t\t\t<div class='gallery-icon landscape'>\n\t\t\t\t<a href='https:\/\/vazcollections.si\/wp-content\/uploads\/2023\/07\/Delavnica-na-gradu-Sneznik-3.jpg'><img loading=\"lazy\" decoding=\"async\" width=\"150\" height=\"150\" src=\"https:\/\/vazcollections.si\/wp-content\/uploads\/2023\/07\/Delavnica-na-gradu-Sneznik-3-150x150.jpg\" class=\"attachment-thumbnail size-thumbnail\" alt=\"\" \/><\/a>\n\t\t\t<\/div><\/figure><figure class='gallery-item'>\n\t\t\t<div class='gallery-icon landscape'>\n\t\t\t\t<a href='https:\/\/vazcollections.si\/wp-content\/uploads\/2023\/07\/Delavnica-na-gradu-Sneznik-4.jpg'><img loading=\"lazy\" decoding=\"async\" width=\"150\" height=\"150\" src=\"https:\/\/vazcollections.si\/wp-content\/uploads\/2023\/07\/Delavnica-na-gradu-Sneznik-4-150x150.jpg\" class=\"attachment-thumbnail size-thumbnail\" alt=\"\" \/><\/a>\n\t\t\t<\/div><\/figure><figure class='gallery-item'>\n\t\t\t<div class='gallery-icon landscape'>\n\t\t\t\t<a href='https:\/\/vazcollections.si\/wp-content\/uploads\/2023\/07\/Delavnica-na-gradu-Sneznik-10.jpg'><img loading=\"lazy\" decoding=\"async\" width=\"150\" height=\"150\" src=\"https:\/\/vazcollections.si\/wp-content\/uploads\/2023\/07\/Delavnica-na-gradu-Sneznik-10-150x150.jpg\" class=\"attachment-thumbnail size-thumbnail\" alt=\"\" \/><\/a>\n\t\t\t<\/div><\/figure><figure class='gallery-item'>\n\t\t\t<div class='gallery-icon landscape'>\n\t\t\t\t<a href='https:\/\/vazcollections.si\/wp-content\/uploads\/2023\/07\/Delavnica-na-gradu-Sneznik-5.jpg'><img loading=\"lazy\" decoding=\"async\" width=\"150\" height=\"150\" src=\"https:\/\/vazcollections.si\/wp-content\/uploads\/2023\/07\/Delavnica-na-gradu-Sneznik-5-150x150.jpg\" class=\"attachment-thumbnail size-thumbnail\" alt=\"\" \/><\/a>\n\t\t\t<\/div><\/figure><figure class='gallery-item'>\n\t\t\t<div class='gallery-icon landscape'>\n\t\t\t\t<a href='https:\/\/vazcollections.si\/wp-content\/uploads\/2023\/07\/Delavnica-na-gradu-Sneznik-11.jpg'><img loading=\"lazy\" decoding=\"async\" width=\"150\" height=\"150\" src=\"https:\/\/vazcollections.si\/wp-content\/uploads\/2023\/07\/Delavnica-na-gradu-Sneznik-11-150x150.jpg\" class=\"attachment-thumbnail size-thumbnail\" alt=\"\" \/><\/a>\n\t\t\t<\/div><\/figure><figure class='gallery-item'>\n\t\t\t<div class='gallery-icon landscape'>\n\t\t\t\t<a href='https:\/\/vazcollections.si\/wp-content\/uploads\/2023\/07\/Delavnica-na-gradu-Sneznik-12.jpg'><img loading=\"lazy\" decoding=\"async\" width=\"150\" height=\"150\" src=\"https:\/\/vazcollections.si\/wp-content\/uploads\/2023\/07\/Delavnica-na-gradu-Sneznik-12-150x150.jpg\" class=\"attachment-thumbnail size-thumbnail\" alt=\"\" \/><\/a>\n\t\t\t<\/div><\/figure><figure class='gallery-item'>\n\t\t\t<div class='gallery-icon landscape'>\n\t\t\t\t<a href='https:\/\/vazcollections.si\/wp-content\/uploads\/2023\/07\/Delavnica-na-gradu-Sneznik-6.jpg'><img loading=\"lazy\" decoding=\"async\" width=\"150\" height=\"150\" src=\"https:\/\/vazcollections.si\/wp-content\/uploads\/2023\/07\/Delavnica-na-gradu-Sneznik-6-150x150.jpg\" class=\"attachment-thumbnail size-thumbnail\" alt=\"\" \/><\/a>\n\t\t\t<\/div><\/figure><figure class='gallery-item'>\n\t\t\t<div class='gallery-icon landscape'>\n\t\t\t\t<a href='https:\/\/vazcollections.si\/wp-content\/uploads\/2023\/07\/Delavnica-na-gradu-Sneznik-13.jpg'><img loading=\"lazy\" decoding=\"async\" width=\"150\" height=\"150\" src=\"https:\/\/vazcollections.si\/wp-content\/uploads\/2023\/07\/Delavnica-na-gradu-Sneznik-13-150x150.jpg\" class=\"attachment-thumbnail size-thumbnail\" alt=\"\" \/><\/a>\n\t\t\t<\/div><\/figure><figure class='gallery-item'>\n\t\t\t<div class='gallery-icon landscape'>\n\t\t\t\t<a href='https:\/\/vazcollections.si\/wp-content\/uploads\/2023\/07\/Delavnica-na-gradu-Sneznik-7.jpg'><img loading=\"lazy\" decoding=\"async\" width=\"150\" height=\"150\" src=\"https:\/\/vazcollections.si\/wp-content\/uploads\/2023\/07\/Delavnica-na-gradu-Sneznik-7-150x150.jpg\" class=\"attachment-thumbnail size-thumbnail\" alt=\"\" \/><\/a>\n\t\t\t<\/div><\/figure><figure class='gallery-item'>\n\t\t\t<div class='gallery-icon landscape'>\n\t\t\t\t<a href='https:\/\/vazcollections.si\/wp-content\/uploads\/2023\/07\/Delavnica-na-gradu-Sneznik-14.jpg'><img loading=\"lazy\" decoding=\"async\" width=\"150\" height=\"150\" src=\"https:\/\/vazcollections.si\/wp-content\/uploads\/2023\/07\/Delavnica-na-gradu-Sneznik-14-150x150.jpg\" class=\"attachment-thumbnail size-thumbnail\" alt=\"\" \/><\/a>\n\t\t\t<\/div><\/figure><figure class='gallery-item'>\n\t\t\t<div class='gallery-icon landscape'>\n\t\t\t\t<a href='https:\/\/vazcollections.si\/wp-content\/uploads\/2023\/07\/Delavnica-na-gradu-Sneznik-15.jpg'><img loading=\"lazy\" decoding=\"async\" width=\"150\" height=\"150\" src=\"https:\/\/vazcollections.si\/wp-content\/uploads\/2023\/07\/Delavnica-na-gradu-Sneznik-15-150x150.jpg\" class=\"attachment-thumbnail size-thumbnail\" alt=\"\" \/><\/a>\n\t\t\t<\/div><\/figure><figure class='gallery-item'>\n\t\t\t<div class='gallery-icon landscape'>\n\t\t\t\t<a href='https:\/\/vazcollections.si\/wp-content\/uploads\/2023\/07\/Delavnica-na-gradu-Sneznik-8.jpg'><img loading=\"lazy\" decoding=\"async\" width=\"150\" height=\"150\" src=\"https:\/\/vazcollections.si\/wp-content\/uploads\/2023\/07\/Delavnica-na-gradu-Sneznik-8-150x150.jpg\" class=\"attachment-thumbnail size-thumbnail\" alt=\"\" \/><\/a>\n\t\t\t<\/div><\/figure><figure class='gallery-item'>\n\t\t\t<div class='gallery-icon landscape'>\n\t\t\t\t<a href='https:\/\/vazcollections.si\/wp-content\/uploads\/2023\/07\/Delavnica-na-gradu-Sneznik-9.jpg'><img loading=\"lazy\" decoding=\"async\" width=\"150\" height=\"150\" src=\"https:\/\/vazcollections.si\/wp-content\/uploads\/2023\/07\/Delavnica-na-gradu-Sneznik-9-150x150.jpg\" class=\"attachment-thumbnail size-thumbnail\" alt=\"\" \/><\/a>\n\t\t\t<\/div><\/figure><figure class='gallery-item'>\n\t\t\t<div class='gallery-icon landscape'>\n\t\t\t\t<a href='https:\/\/vazcollections.si\/wp-content\/uploads\/2023\/07\/Delavnica-na-gradu-Sneznik-16.jpg'><img loading=\"lazy\" decoding=\"async\" width=\"150\" height=\"150\" src=\"https:\/\/vazcollections.si\/wp-content\/uploads\/2023\/07\/Delavnica-na-gradu-Sneznik-16-150x150.jpg\" class=\"attachment-thumbnail size-thumbnail\" alt=\"\" \/><\/a>\n\t\t\t<\/div><\/figure>\n\t\t<\/div>\n\n<p>&nbsp;<\/p>\n<p>&nbsp;<\/p>\n","protected":false},"excerpt":{"rendered":"<p>V okviru projekta Osiroteli predmeti: obravnava vzhodnoazijskih predmetov izven organiziranih zbirateljskih praks v slovenskem prostoru (J6-3133), ki ga finan\u010dno podpira ARIS, je v torek, 4. 7. 2023 na gradu Sne\u017enik potekala druga nacionalna delavnica z naslovom Vzhodnoazijski predmeti na slovenskih gradovih in dvorcih. Prvi del delavnice je bil posve\u010den obravnavi in pregledu vzhodnoazijskih predmetov na &#8230; <\/p>\n","protected":false},"author":9,"featured_media":21690,"comment_status":"closed","ping_status":"closed","sticky":false,"template":"","format":"standard","meta":{"_acf_changed":false,"inline_featured_image":false,"footnotes":""},"categories":[514,340,336],"class_list":["post-21688","post","type-post","status-publish","format-standard","has-post-thumbnail","hentry","category-academic-events","category-news","category-workshop"],"acf":[],"yoast_head":"<!-- This site is optimized with the Yoast SEO plugin v27.4 - https:\/\/yoast.com\/product\/yoast-seo-wordpress\/ -->\n<title>Druga nacionalna delavnica Vzhodnoazijski predmeti na slovenskih gradovih in dvorcih - Vzhodnoazijske zbirke v Sloveniji<\/title>\n<meta name=\"robots\" content=\"index, follow, max-snippet:-1, max-image-preview:large, max-video-preview:-1\" \/>\n<link rel=\"canonical\" href=\"https:\/\/vazcollections.si\/en\/druga-nacionalna-delavnica-vzhodnoazijski-predmeti-na-slovenskih-gradovih-in-dvorcih\/\" \/>\n<meta property=\"og:locale\" content=\"en_US\" \/>\n<meta property=\"og:type\" content=\"article\" \/>\n<meta property=\"og:title\" content=\"Druga nacionalna delavnica Vzhodnoazijski predmeti na slovenskih gradovih in dvorcih - Vzhodnoazijske zbirke v Sloveniji\" \/>\n<meta property=\"og:description\" content=\"V okviru projekta Osiroteli predmeti: obravnava vzhodnoazijskih predmetov izven organiziranih zbirateljskih praks v slovenskem prostoru (J6-3133), ki ga finan\u010dno podpira ARIS, je v torek, 4. 7. 2023 na gradu Sne\u017enik potekala druga nacionalna delavnica z naslovom Vzhodnoazijski predmeti na slovenskih gradovih in dvorcih. Prvi del delavnice je bil posve\u010den obravnavi in pregledu vzhodnoazijskih predmetov na ...\" \/>\n<meta property=\"og:url\" content=\"https:\/\/vazcollections.si\/en\/druga-nacionalna-delavnica-vzhodnoazijski-predmeti-na-slovenskih-gradovih-in-dvorcih\/\" \/>\n<meta property=\"og:site_name\" content=\"Vzhodnoazijske zbirke v Sloveniji\" \/>\n<meta property=\"article:published_time\" content=\"2023-07-11T06:55:35+00:00\" \/>\n<meta property=\"article:modified_time\" content=\"2026-03-23T14:24:18+00:00\" \/>\n<meta property=\"og:image\" content=\"https:\/\/vazcollections.si\/wp-content\/uploads\/2023\/07\/Delavnica-na-gradu-Sneznik-1.jpg\" \/>\n\t<meta property=\"og:image:width\" content=\"1920\" \/>\n\t<meta property=\"og:image:height\" content=\"1440\" \/>\n\t<meta property=\"og:image:type\" content=\"image\/jpeg\" \/>\n<meta name=\"author\" content=\"marko-ogrizek-FF\" \/>\n<meta name=\"twitter:card\" content=\"summary_large_image\" \/>\n<meta name=\"twitter:label1\" content=\"Written by\" \/>\n\t<meta name=\"twitter:data1\" content=\"marko-ogrizek-FF\" \/>\n\t<meta name=\"twitter:label2\" content=\"Est. reading time\" \/>\n\t<meta name=\"twitter:data2\" content=\"1 minute\" \/>\n<script type=\"application\/ld+json\" class=\"yoast-schema-graph\">{\"@context\":\"https:\\\/\\\/schema.org\",\"@graph\":[{\"@type\":\"Article\",\"@id\":\"https:\\\/\\\/vazcollections.si\\\/en\\\/druga-nacionalna-delavnica-vzhodnoazijski-predmeti-na-slovenskih-gradovih-in-dvorcih\\\/#article\",\"isPartOf\":{\"@id\":\"https:\\\/\\\/vazcollections.si\\\/en\\\/druga-nacionalna-delavnica-vzhodnoazijski-predmeti-na-slovenskih-gradovih-in-dvorcih\\\/\"},\"author\":{\"name\":\"marko-ogrizek-FF\",\"@id\":\"https:\\\/\\\/vazcollections.si\\\/en\\\/#\\\/schema\\\/person\\\/209af65abc1af6868ea76cad7787ccb9\"},\"headline\":\"Druga nacionalna delavnica Vzhodnoazijski predmeti na slovenskih gradovih in dvorcih\",\"datePublished\":\"2023-07-11T06:55:35+00:00\",\"dateModified\":\"2026-03-23T14:24:18+00:00\",\"mainEntityOfPage\":{\"@id\":\"https:\\\/\\\/vazcollections.si\\\/en\\\/druga-nacionalna-delavnica-vzhodnoazijski-predmeti-na-slovenskih-gradovih-in-dvorcih\\\/\"},\"wordCount\":119,\"image\":{\"@id\":\"https:\\\/\\\/vazcollections.si\\\/en\\\/druga-nacionalna-delavnica-vzhodnoazijski-predmeti-na-slovenskih-gradovih-in-dvorcih\\\/#primaryimage\"},\"thumbnailUrl\":\"https:\\\/\\\/vazcollections.si\\\/wp-content\\\/uploads\\\/2023\\\/07\\\/Delavnica-na-gradu-Sneznik-1.jpg\",\"articleSection\":[\"Academic events\",\"News\",\"Workshop\"],\"inLanguage\":\"en-US\"},{\"@type\":\"WebPage\",\"@id\":\"https:\\\/\\\/vazcollections.si\\\/en\\\/druga-nacionalna-delavnica-vzhodnoazijski-predmeti-na-slovenskih-gradovih-in-dvorcih\\\/\",\"url\":\"https:\\\/\\\/vazcollections.si\\\/en\\\/druga-nacionalna-delavnica-vzhodnoazijski-predmeti-na-slovenskih-gradovih-in-dvorcih\\\/\",\"name\":\"Druga nacionalna delavnica Vzhodnoazijski predmeti na slovenskih gradovih in dvorcih - Vzhodnoazijske zbirke v Sloveniji\",\"isPartOf\":{\"@id\":\"https:\\\/\\\/vazcollections.si\\\/en\\\/#website\"},\"primaryImageOfPage\":{\"@id\":\"https:\\\/\\\/vazcollections.si\\\/en\\\/druga-nacionalna-delavnica-vzhodnoazijski-predmeti-na-slovenskih-gradovih-in-dvorcih\\\/#primaryimage\"},\"image\":{\"@id\":\"https:\\\/\\\/vazcollections.si\\\/en\\\/druga-nacionalna-delavnica-vzhodnoazijski-predmeti-na-slovenskih-gradovih-in-dvorcih\\\/#primaryimage\"},\"thumbnailUrl\":\"https:\\\/\\\/vazcollections.si\\\/wp-content\\\/uploads\\\/2023\\\/07\\\/Delavnica-na-gradu-Sneznik-1.jpg\",\"datePublished\":\"2023-07-11T06:55:35+00:00\",\"dateModified\":\"2026-03-23T14:24:18+00:00\",\"author\":{\"@id\":\"https:\\\/\\\/vazcollections.si\\\/en\\\/#\\\/schema\\\/person\\\/209af65abc1af6868ea76cad7787ccb9\"},\"breadcrumb\":{\"@id\":\"https:\\\/\\\/vazcollections.si\\\/en\\\/druga-nacionalna-delavnica-vzhodnoazijski-predmeti-na-slovenskih-gradovih-in-dvorcih\\\/#breadcrumb\"},\"inLanguage\":\"en-US\",\"potentialAction\":[{\"@type\":\"ReadAction\",\"target\":[\"https:\\\/\\\/vazcollections.si\\\/en\\\/druga-nacionalna-delavnica-vzhodnoazijski-predmeti-na-slovenskih-gradovih-in-dvorcih\\\/\"]}]},{\"@type\":\"ImageObject\",\"inLanguage\":\"en-US\",\"@id\":\"https:\\\/\\\/vazcollections.si\\\/en\\\/druga-nacionalna-delavnica-vzhodnoazijski-predmeti-na-slovenskih-gradovih-in-dvorcih\\\/#primaryimage\",\"url\":\"https:\\\/\\\/vazcollections.si\\\/wp-content\\\/uploads\\\/2023\\\/07\\\/Delavnica-na-gradu-Sneznik-1.jpg\",\"contentUrl\":\"https:\\\/\\\/vazcollections.si\\\/wp-content\\\/uploads\\\/2023\\\/07\\\/Delavnica-na-gradu-Sneznik-1.jpg\",\"width\":1920,\"height\":1440},{\"@type\":\"BreadcrumbList\",\"@id\":\"https:\\\/\\\/vazcollections.si\\\/en\\\/druga-nacionalna-delavnica-vzhodnoazijski-predmeti-na-slovenskih-gradovih-in-dvorcih\\\/#breadcrumb\",\"itemListElement\":[{\"@type\":\"ListItem\",\"position\":1,\"name\":\"Home\",\"item\":\"https:\\\/\\\/vazcollections.si\\\/en\\\/\"},{\"@type\":\"ListItem\",\"position\":2,\"name\":\"Druga nacionalna delavnica Vzhodnoazijski predmeti na slovenskih gradovih in dvorcih\"}]},{\"@type\":\"WebSite\",\"@id\":\"https:\\\/\\\/vazcollections.si\\\/en\\\/#website\",\"url\":\"https:\\\/\\\/vazcollections.si\\\/en\\\/\",\"name\":\"Vzhodnoazijske zbirke v Sloveniji\",\"description\":\"vpetost slovenskega prostora v globalno izmenjavo predmetov in idej z Vzhodno Azijo\",\"potentialAction\":[{\"@type\":\"SearchAction\",\"target\":{\"@type\":\"EntryPoint\",\"urlTemplate\":\"https:\\\/\\\/vazcollections.si\\\/en\\\/?s={search_term_string}\"},\"query-input\":{\"@type\":\"PropertyValueSpecification\",\"valueRequired\":true,\"valueName\":\"search_term_string\"}}],\"inLanguage\":\"en-US\"},{\"@type\":\"Person\",\"@id\":\"https:\\\/\\\/vazcollections.si\\\/en\\\/#\\\/schema\\\/person\\\/209af65abc1af6868ea76cad7787ccb9\",\"name\":\"marko-ogrizek-FF\",\"image\":{\"@type\":\"ImageObject\",\"inLanguage\":\"en-US\",\"@id\":\"https:\\\/\\\/secure.gravatar.com\\\/avatar\\\/4eb5ca59d1cf59fa8ed65c60a5a3a00b4157d08e7c27c741be6e0cf3e4b491f6?s=96&d=mm&r=g\",\"url\":\"https:\\\/\\\/secure.gravatar.com\\\/avatar\\\/4eb5ca59d1cf59fa8ed65c60a5a3a00b4157d08e7c27c741be6e0cf3e4b491f6?s=96&d=mm&r=g\",\"contentUrl\":\"https:\\\/\\\/secure.gravatar.com\\\/avatar\\\/4eb5ca59d1cf59fa8ed65c60a5a3a00b4157d08e7c27c741be6e0cf3e4b491f6?s=96&d=mm&r=g\",\"caption\":\"marko-ogrizek-FF\"},\"url\":\"https:\\\/\\\/vazcollections.si\\\/en\\\/author\\\/marko-ogrizek-ff\\\/\"}]}<\/script>\n<!-- \/ Yoast SEO plugin. -->","yoast_head_json":{"title":"Druga nacionalna delavnica Vzhodnoazijski predmeti na slovenskih gradovih in dvorcih - Vzhodnoazijske zbirke v Sloveniji","robots":{"index":"index","follow":"follow","max-snippet":"max-snippet:-1","max-image-preview":"max-image-preview:large","max-video-preview":"max-video-preview:-1"},"canonical":"https:\/\/vazcollections.si\/en\/druga-nacionalna-delavnica-vzhodnoazijski-predmeti-na-slovenskih-gradovih-in-dvorcih\/","og_locale":"en_US","og_type":"article","og_title":"Druga nacionalna delavnica Vzhodnoazijski predmeti na slovenskih gradovih in dvorcih - Vzhodnoazijske zbirke v Sloveniji","og_description":"V okviru projekta Osiroteli predmeti: obravnava vzhodnoazijskih predmetov izven organiziranih zbirateljskih praks v slovenskem prostoru (J6-3133), ki ga finan\u010dno podpira ARIS, je v torek, 4. 7. 2023 na gradu Sne\u017enik potekala druga nacionalna delavnica z naslovom Vzhodnoazijski predmeti na slovenskih gradovih in dvorcih. Prvi del delavnice je bil posve\u010den obravnavi in pregledu vzhodnoazijskih predmetov na ...","og_url":"https:\/\/vazcollections.si\/en\/druga-nacionalna-delavnica-vzhodnoazijski-predmeti-na-slovenskih-gradovih-in-dvorcih\/","og_site_name":"Vzhodnoazijske zbirke v Sloveniji","article_published_time":"2023-07-11T06:55:35+00:00","article_modified_time":"2026-03-23T14:24:18+00:00","og_image":[{"width":1920,"height":1440,"url":"https:\/\/vazcollections.si\/wp-content\/uploads\/2023\/07\/Delavnica-na-gradu-Sneznik-1.jpg","type":"image\/jpeg"}],"author":"marko-ogrizek-FF","twitter_card":"summary_large_image","twitter_misc":{"Written by":"marko-ogrizek-FF","Est. reading time":"1 minute"},"schema":{"@context":"https:\/\/schema.org","@graph":[{"@type":"Article","@id":"https:\/\/vazcollections.si\/en\/druga-nacionalna-delavnica-vzhodnoazijski-predmeti-na-slovenskih-gradovih-in-dvorcih\/#article","isPartOf":{"@id":"https:\/\/vazcollections.si\/en\/druga-nacionalna-delavnica-vzhodnoazijski-predmeti-na-slovenskih-gradovih-in-dvorcih\/"},"author":{"name":"marko-ogrizek-FF","@id":"https:\/\/vazcollections.si\/en\/#\/schema\/person\/209af65abc1af6868ea76cad7787ccb9"},"headline":"Druga nacionalna delavnica Vzhodnoazijski predmeti na slovenskih gradovih in dvorcih","datePublished":"2023-07-11T06:55:35+00:00","dateModified":"2026-03-23T14:24:18+00:00","mainEntityOfPage":{"@id":"https:\/\/vazcollections.si\/en\/druga-nacionalna-delavnica-vzhodnoazijski-predmeti-na-slovenskih-gradovih-in-dvorcih\/"},"wordCount":119,"image":{"@id":"https:\/\/vazcollections.si\/en\/druga-nacionalna-delavnica-vzhodnoazijski-predmeti-na-slovenskih-gradovih-in-dvorcih\/#primaryimage"},"thumbnailUrl":"https:\/\/vazcollections.si\/wp-content\/uploads\/2023\/07\/Delavnica-na-gradu-Sneznik-1.jpg","articleSection":["Academic events","News","Workshop"],"inLanguage":"en-US"},{"@type":"WebPage","@id":"https:\/\/vazcollections.si\/en\/druga-nacionalna-delavnica-vzhodnoazijski-predmeti-na-slovenskih-gradovih-in-dvorcih\/","url":"https:\/\/vazcollections.si\/en\/druga-nacionalna-delavnica-vzhodnoazijski-predmeti-na-slovenskih-gradovih-in-dvorcih\/","name":"Druga nacionalna delavnica Vzhodnoazijski predmeti na slovenskih gradovih in dvorcih - Vzhodnoazijske zbirke v Sloveniji","isPartOf":{"@id":"https:\/\/vazcollections.si\/en\/#website"},"primaryImageOfPage":{"@id":"https:\/\/vazcollections.si\/en\/druga-nacionalna-delavnica-vzhodnoazijski-predmeti-na-slovenskih-gradovih-in-dvorcih\/#primaryimage"},"image":{"@id":"https:\/\/vazcollections.si\/en\/druga-nacionalna-delavnica-vzhodnoazijski-predmeti-na-slovenskih-gradovih-in-dvorcih\/#primaryimage"},"thumbnailUrl":"https:\/\/vazcollections.si\/wp-content\/uploads\/2023\/07\/Delavnica-na-gradu-Sneznik-1.jpg","datePublished":"2023-07-11T06:55:35+00:00","dateModified":"2026-03-23T14:24:18+00:00","author":{"@id":"https:\/\/vazcollections.si\/en\/#\/schema\/person\/209af65abc1af6868ea76cad7787ccb9"},"breadcrumb":{"@id":"https:\/\/vazcollections.si\/en\/druga-nacionalna-delavnica-vzhodnoazijski-predmeti-na-slovenskih-gradovih-in-dvorcih\/#breadcrumb"},"inLanguage":"en-US","potentialAction":[{"@type":"ReadAction","target":["https:\/\/vazcollections.si\/en\/druga-nacionalna-delavnica-vzhodnoazijski-predmeti-na-slovenskih-gradovih-in-dvorcih\/"]}]},{"@type":"ImageObject","inLanguage":"en-US","@id":"https:\/\/vazcollections.si\/en\/druga-nacionalna-delavnica-vzhodnoazijski-predmeti-na-slovenskih-gradovih-in-dvorcih\/#primaryimage","url":"https:\/\/vazcollections.si\/wp-content\/uploads\/2023\/07\/Delavnica-na-gradu-Sneznik-1.jpg","contentUrl":"https:\/\/vazcollections.si\/wp-content\/uploads\/2023\/07\/Delavnica-na-gradu-Sneznik-1.jpg","width":1920,"height":1440},{"@type":"BreadcrumbList","@id":"https:\/\/vazcollections.si\/en\/druga-nacionalna-delavnica-vzhodnoazijski-predmeti-na-slovenskih-gradovih-in-dvorcih\/#breadcrumb","itemListElement":[{"@type":"ListItem","position":1,"name":"Home","item":"https:\/\/vazcollections.si\/en\/"},{"@type":"ListItem","position":2,"name":"Druga nacionalna delavnica Vzhodnoazijski predmeti na slovenskih gradovih in dvorcih"}]},{"@type":"WebSite","@id":"https:\/\/vazcollections.si\/en\/#website","url":"https:\/\/vazcollections.si\/en\/","name":"Vzhodnoazijske zbirke v Sloveniji","description":"vpetost slovenskega prostora v globalno izmenjavo predmetov in idej z Vzhodno Azijo","potentialAction":[{"@type":"SearchAction","target":{"@type":"EntryPoint","urlTemplate":"https:\/\/vazcollections.si\/en\/?s={search_term_string}"},"query-input":{"@type":"PropertyValueSpecification","valueRequired":true,"valueName":"search_term_string"}}],"inLanguage":"en-US"},{"@type":"Person","@id":"https:\/\/vazcollections.si\/en\/#\/schema\/person\/209af65abc1af6868ea76cad7787ccb9","name":"marko-ogrizek-FF","image":{"@type":"ImageObject","inLanguage":"en-US","@id":"https:\/\/secure.gravatar.com\/avatar\/4eb5ca59d1cf59fa8ed65c60a5a3a00b4157d08e7c27c741be6e0cf3e4b491f6?s=96&d=mm&r=g","url":"https:\/\/secure.gravatar.com\/avatar\/4eb5ca59d1cf59fa8ed65c60a5a3a00b4157d08e7c27c741be6e0cf3e4b491f6?s=96&d=mm&r=g","contentUrl":"https:\/\/secure.gravatar.com\/avatar\/4eb5ca59d1cf59fa8ed65c60a5a3a00b4157d08e7c27c741be6e0cf3e4b491f6?s=96&d=mm&r=g","caption":"marko-ogrizek-FF"},"url":"https:\/\/vazcollections.si\/en\/author\/marko-ogrizek-ff\/"}]}},"_links":{"self":[{"href":"https:\/\/vazcollections.si\/en\/wp-json\/wp\/v2\/posts\/21688","targetHints":{"allow":["GET"]}}],"collection":[{"href":"https:\/\/vazcollections.si\/en\/wp-json\/wp\/v2\/posts"}],"about":[{"href":"https:\/\/vazcollections.si\/en\/wp-json\/wp\/v2\/types\/post"}],"author":[{"embeddable":true,"href":"https:\/\/vazcollections.si\/en\/wp-json\/wp\/v2\/users\/9"}],"replies":[{"embeddable":true,"href":"https:\/\/vazcollections.si\/en\/wp-json\/wp\/v2\/comments?post=21688"}],"version-history":[{"count":3,"href":"https:\/\/vazcollections.si\/en\/wp-json\/wp\/v2\/posts\/21688\/revisions"}],"predecessor-version":[{"id":27322,"href":"https:\/\/vazcollections.si\/en\/wp-json\/wp\/v2\/posts\/21688\/revisions\/27322"}],"wp:featuredmedia":[{"embeddable":true,"href":"https:\/\/vazcollections.si\/en\/wp-json\/wp\/v2\/media\/21690"}],"wp:attachment":[{"href":"https:\/\/vazcollections.si\/en\/wp-json\/wp\/v2\/media?parent=21688"}],"wp:term":[{"taxonomy":"category","embeddable":true,"href":"https:\/\/vazcollections.si\/en\/wp-json\/wp\/v2\/categories?post=21688"}],"curies":[{"name":"wp","href":"https:\/\/api.w.org\/{rel}","templated":true}]}}